{"id":114169,"date":"2025-03-26T20:43:00","date_gmt":"2025-03-26T20:43:00","guid":{"rendered":"https:\/\/tvbrazilusa.com\/2025\/03\/26\/estao-com-pressa-muita-pressa-diz-bolsonaro-apos-virar-reu-no-stf\/"},"modified":"2025-03-26T20:43:07","modified_gmt":"2025-03-26T20:43:07","slug":"estao-com-pressa-muita-pressa-diz-bolsonaro-apos-virar-reu-no-stf","status":"publish","type":"post","link":"https:\/\/tvbrazilusa.com\/pt\/2025\/03\/26\/estao-com-pressa-muita-pressa-diz-bolsonaro-apos-virar-reu-no-stf\/","title":{"rendered":"&#8216;Est\u00e3o com pressa. Muita pressa&#8217;, diz Bolsonaro ap\u00f3s virar r\u00e9u no STF"},"content":{"rendered":"<p> <script async src=\"https:\/\/pagead2.googlesyndication.com\/pagead\/js\/adsbygoogle.js?client=ca-pub-8864793242727901\"\r\n     crossorigin=\"anonymous\"><\/script><br \/>\n<\/p>\n<div id=\"taboola-read-more\" style=\"display:block; width:100%\">\n<p>Jair Bolsonaro criticou, por meio das redes sociais, a decis\u00e3o do STF sobre o recebimento da den\u00fancia da Procuradoria-Geral da Rep\u00fablica em rela\u00e7\u00e3o \u00e0 trama golpista. Para ele, o STF \u2018est\u00e1 com muita pressa\u2019.\n<\/p>\n<p>\u201cEst\u00e3o com pressa. Muita pressa. O processo contra mim avan\u00e7a a uma velocidade 14 vezes maior que o do Mensal\u00e3o e pelo menos 10 vezes mais r\u00e1pida que o de Lula na Lava Jato\u201d, disse o ex-presidente da Rep\u00fablica.<\/p>\n<p>\u201cE o motivo? Nem tentam mais esconder. A pr\u00f3pria imprensa noticia, abertamente e sem rodeios, que a motiva\u00e7\u00e3o n\u00e3o \u00e9 jur\u00eddica, mas pol\u00edtica: o tribunal tenta evitar que eu seja julgado em 2026, pois querem impedir que eu chegue livre \u00e0s elei\u00e7\u00f5es porque sabem que, numa disputa justa, n\u00e3o h\u00e1 candidato capaz de me vencer\u201d, acrescentou ele.\n<\/p>\n<p>\u201cA ironia \u00e9 que, quanto mais atropelam regras, prazos e garantias para tentar me eliminar, mais escancarado fica o medo que eles t\u00eam das urnas e da vontade do povo. Se realmente acreditassem na democracia que dizem defender, me enfrentariam no voto, n\u00e3o no tapet\u00e3o\u201d, complementou o ex-presidente da Rep\u00fablica.\n<\/p>\n<p>Al\u00e9m de Bolsonaro, tamb\u00e9m v\u00e3o passar a responder criminalmente por uma tentativa de golpe de Estado no STF o deputado federal Alexandre Ramagem (PL-RJ), o almirante e ex-comandante da Marinha Almir Garnier Santos, o ex-ministro da Justi\u00e7a Anderson Torres, o general da reserva e ex-chefe do Gabinete de Seguran\u00e7a Institucional Augusto Heleno, o tenente-coronel e o ex-ajudante de ordens da Presid\u00eancia da Rep\u00fablica Mauro Cid, o general e ex-ministro da Defesa Paulo S\u00e9rgio Nogueira e o general da reserva e ex-ministro da Casa Civil Walter Braga Netto.\n<\/p>\n<p>Todos v\u00e3o responder pelos crimes de Golpe de Estado; tentativa de aboli\u00e7\u00e3o violenta ao Estado Democr\u00e1tico de Direito; organiza\u00e7\u00e3o criminosa; dano qualificado pela viol\u00eancia e grave amea\u00e7a contra o patrim\u00f4nio da Uni\u00e3o e deteriora\u00e7\u00e3o de patrim\u00f4nio tombado.\n<\/p>\n<p>Agora, com o recebimento da den\u00fancia, come\u00e7a a fase de instru\u00e7\u00e3o processual: \u00e9 o momento em que o STF coletar\u00e1 provas e depoimentos sobre o caso. Com o recebimento da den\u00fancia, o STF pode decidir se Jair Bolsonaro ser\u00e1 responsabilizado ou n\u00e3o pela trama golpista no in\u00edcio do segundo semestre deste ano.\n<\/p>\n<p>O recebimento da den\u00fancia tamb\u00e9m antecipa as discuss\u00f5es sobre um eventual substituto de Bolsonaro nas elei\u00e7\u00f5es de 2026 j\u00e1 que h\u00e1 a chance concreta de o ex-presidente ser preso at\u00e9 o final deste ano. A ideia de ministros do STF \u00e9 encerrar o processo contra Jair Bolsonaro ainda em 2025.\n<\/p>\n<p>Fonte: O Antagonista              <\/p>\n<\/div>\n<p><br \/>\n<br \/><a href=\"https:\/\/diariodobrasilnoticias.com.br\/noticia\/-estao-com-pressa-muita-pressa-diz-bolsonaro-apos-virar-reu-no-stf-67e443c5b6577\">Source link <\/a><\/p>","protected":false},"excerpt":{"rendered":"<p>Jair Bolsonaro criticou, por meio das redes sociais, a decis\u00e3o do STF sobre o recebimento da den\u00fancia da Procuradoria-Geral da Rep\u00fablica em rela\u00e7\u00e3o \u00e0 trama golpista. Para ele, o STF&hellip;<\/p>","protected":false},"author":1,"featured_media":114170,"comment_status":"closed","ping_status":"open","sticky":false,"template":"","format":"standard","meta":{"content-type":"","footnotes":""},"categories":[16],"tags":[123,2448,5313,1267],"class_list":["post-114169","post","type-post","status-publish","format-standard","has-post-thumbnail","hentry","category-noticias","tag-brasil","tag-diario","tag-noticia","tag-noticias"],"_links":{"self":[{"href":"https:\/\/tvbrazilusa.com\/pt\/wp-json\/wp\/v2\/posts\/114169","targetHints":{"allow":["GET"]}}],"collection":[{"href":"https:\/\/tvbrazilusa.com\/pt\/wp-json\/wp\/v2\/posts"}],"about":[{"href":"https:\/\/tvbrazilusa.com\/pt\/wp-json\/wp\/v2\/types\/post"}],"author":[{"embeddable":true,"href":"https:\/\/tvbrazilusa.com\/pt\/wp-json\/wp\/v2\/users\/1"}],"replies":[{"embeddable":true,"href":"https:\/\/tvbrazilusa.com\/pt\/wp-json\/wp\/v2\/comments?post=114169"}],"version-history":[{"count":1,"href":"https:\/\/tvbrazilusa.com\/pt\/wp-json\/wp\/v2\/posts\/114169\/revisions"}],"predecessor-version":[{"id":114171,"href":"https:\/\/tvbrazilusa.com\/pt\/wp-json\/wp\/v2\/posts\/114169\/revisions\/114171"}],"wp:featuredmedia":[{"embeddable":true,"href":"https:\/\/tvbrazilusa.com\/pt\/wp-json\/wp\/v2\/media\/114170"}],"wp:attachment":[{"href":"https:\/\/tvbrazilusa.com\/pt\/wp-json\/wp\/v2\/media?parent=114169"}],"wp:term":[{"taxonomy":"category","embeddable":true,"href":"https:\/\/tvbrazilusa.com\/pt\/wp-json\/wp\/v2\/categories?post=114169"},{"taxonomy":"post_tag","embeddable":true,"href":"https:\/\/tvbrazilusa.com\/pt\/wp-json\/wp\/v2\/tags?post=114169"}],"curies":[{"name":"wp","href":"https:\/\/api.w.org\/{rel}","templated":true}]}}