{"id":114172,"date":"2025-03-26T20:57:08","date_gmt":"2025-03-26T20:57:08","guid":{"rendered":"https:\/\/tvbrazilusa.com\/2025\/03\/26\/camara-aprova-mocao-de-louvor-em-homenagem-a-eduardo-bolsonaro\/"},"modified":"2025-03-26T20:57:13","modified_gmt":"2025-03-26T20:57:13","slug":"camara-aprova-mocao-de-louvor-em-homenagem-a-eduardo-bolsonaro","status":"publish","type":"post","link":"https:\/\/tvbrazilusa.com\/pt\/2025\/03\/26\/camara-aprova-mocao-de-louvor-em-homenagem-a-eduardo-bolsonaro\/","title":{"rendered":"C\u00e2mara aprova mo\u00e7\u00e3o de louvor em homenagem a Eduardo Bolsonaro"},"content":{"rendered":"<p> <script async src=\"https:\/\/pagead2.googlesyndication.com\/pagead\/js\/adsbygoogle.js?client=ca-pub-8864793242727901\"\r\n     crossorigin=\"anonymous\"><\/script><br \/>\n<\/p>\n<div id=\"taboola-read-more\" style=\"display:block; width:100%\">\n<p>A Comiss\u00e3o de Rela\u00e7\u00f5es Exteriores da C\u00e2mara aprovou nesta quarta-feira, 26, uma mo\u00e7\u00e3o de louvor a Eduardo Bolsonaro. O requerimento pela homenagem a Eduardo foi proposto por dois de seus principais aliados, Luciano Zucco, do PL do Rio Grande do Sul, e M\u00e1rio Frias, do PL de S\u00e3o Paulo.\n<\/p>\n<p>A justificativa para a mo\u00e7\u00e3o aprovada no colegiado foi um suposto trabalho do filho de Jair Bolsonaro em expor internacionalmente o que o bolsonarismo entende como injusti\u00e7as no Brasil, sobretudo do STF. Eduardo Bolsonaro se licenciou do mandato na C\u00e2mara e est\u00e1 em Washington, onde tem articulado retalia\u00e7\u00f5es ao Supremo.<\/p>\n<p>A decis\u00e3o da Comiss\u00e3o de Rela\u00e7\u00f5es Exteriores veio logo ap\u00f3s Jair Bolsonaro e outros sete acusados se tornarem r\u00e9us no STF pela trama golpista em seu governo.\n<\/p>\n<p>Fonte: Plat\u00f4Br              <\/p>\n<\/div>\n<p><br \/>\n<br \/><a href=\"https:\/\/diariodobrasilnoticias.com.br\/noticia\/camara-aprova-mocao-de-louvor-em-homenagem-a-eduardo-bolsonaro-67e45604a0464\">Source link <\/a><\/p>","protected":false},"excerpt":{"rendered":"<p>A Comiss\u00e3o de Rela\u00e7\u00f5es Exteriores da C\u00e2mara aprovou nesta quarta-feira, 26, uma mo\u00e7\u00e3o de louvor a Eduardo Bolsonaro. O requerimento pela homenagem a Eduardo foi proposto por dois de seus&hellip;<\/p>","protected":false},"author":1,"featured_media":114173,"comment_status":"closed","ping_status":"open","sticky":false,"template":"","format":"standard","meta":{"content-type":"","footnotes":""},"categories":[16],"tags":[123,2448,5313,1267],"class_list":["post-114172","post","type-post","status-publish","format-standard","has-post-thumbnail","hentry","category-noticias","tag-brasil","tag-diario","tag-noticia","tag-noticias"],"_links":{"self":[{"href":"https:\/\/tvbrazilusa.com\/pt\/wp-json\/wp\/v2\/posts\/114172","targetHints":{"allow":["GET"]}}],"collection":[{"href":"https:\/\/tvbrazilusa.com\/pt\/wp-json\/wp\/v2\/posts"}],"about":[{"href":"https:\/\/tvbrazilusa.com\/pt\/wp-json\/wp\/v2\/types\/post"}],"author":[{"embeddable":true,"href":"https:\/\/tvbrazilusa.com\/pt\/wp-json\/wp\/v2\/users\/1"}],"replies":[{"embeddable":true,"href":"https:\/\/tvbrazilusa.com\/pt\/wp-json\/wp\/v2\/comments?post=114172"}],"version-history":[{"count":1,"href":"https:\/\/tvbrazilusa.com\/pt\/wp-json\/wp\/v2\/posts\/114172\/revisions"}],"predecessor-version":[{"id":114174,"href":"https:\/\/tvbrazilusa.com\/pt\/wp-json\/wp\/v2\/posts\/114172\/revisions\/114174"}],"wp:featuredmedia":[{"embeddable":true,"href":"https:\/\/tvbrazilusa.com\/pt\/wp-json\/wp\/v2\/media\/114173"}],"wp:attachment":[{"href":"https:\/\/tvbrazilusa.com\/pt\/wp-json\/wp\/v2\/media?parent=114172"}],"wp:term":[{"taxonomy":"category","embeddable":true,"href":"https:\/\/tvbrazilusa.com\/pt\/wp-json\/wp\/v2\/categories?post=114172"},{"taxonomy":"post_tag","embeddable":true,"href":"https:\/\/tvbrazilusa.com\/pt\/wp-json\/wp\/v2\/tags?post=114172"}],"curies":[{"name":"wp","href":"https:\/\/api.w.org\/{rel}","templated":true}]}}