{"id":114175,"date":"2025-03-26T21:12:50","date_gmt":"2025-03-26T21:12:50","guid":{"rendered":"https:\/\/tvbrazilusa.com\/2025\/03\/26\/saque-aniversario-do-fgts-dicas-para-aproveitar-sem-perdas-na-demissao\/"},"modified":"2025-03-26T21:12:55","modified_gmt":"2025-03-26T21:12:55","slug":"saque-aniversario-do-fgts-dicas-para-aproveitar-sem-perdas-na-demissao","status":"publish","type":"post","link":"https:\/\/tvbrazilusa.com\/pt\/2025\/03\/26\/saque-aniversario-do-fgts-dicas-para-aproveitar-sem-perdas-na-demissao\/","title":{"rendered":"Saque-anivers\u00e1rio do FGTS: dicas para aproveitar sem perdas na demiss\u00e3o"},"content":{"rendered":"<p> <script async src=\"https:\/\/pagead2.googlesyndication.com\/pagead\/js\/adsbygoogle.js?client=ca-pub-8864793242727901\"\r\n     crossorigin=\"anonymous\"><\/script><br \/>\n<\/p>\n<div id=\"taboola-read-more\" style=\"display:block; width:100%\">\n<p>O saque-anivers\u00e1rio \u00e9 uma modalidade de retirada do Fundo de Garantia do Tempo de Servi\u00e7o (FGTS) que foi implementada em 2020. Essa op\u00e7\u00e3o permite que o trabalhador retire uma parte do saldo do FGTS anualmente, independentemente de ter sido demitido sem justa causa. A ideia \u00e9 oferecer uma alternativa ao saque-rescis\u00e3o tradicional, permitindo acesso a uma parcela do fundo em datas espec\u00edficas.\n<\/p>\n<p>Entretanto, ao optar pelo saque-anivers\u00e1rio, o trabalhador abre m\u00e3o de retirar o saldo total do FGTS em caso de demiss\u00e3o sem justa causa, ficando restrito apenas \u00e0 multa rescis\u00f3ria de 40%. Essa escolha pode impactar o planejamento financeiro do trabalhador, especialmente em situa\u00e7\u00f5es de perda de emprego.<\/p>\n<p><strong>Quais s\u00e3o as exce\u00e7\u00f5es para o saque do FGTS?<\/strong>\n<\/p>\n<p>Apesar das restri\u00e7\u00f5es, existem algumas situa\u00e7\u00f5es em que o trabalhador pode acessar o saldo do FGTS mesmo tendo optado pelo saque-anivers\u00e1rio. Essas exce\u00e7\u00f5es incluem:\n<\/p>\n<p><strong>Como funciona a revers\u00e3o do saque-anivers\u00e1rio?<\/strong><br \/>Para aqueles que se arrependem de ter optado pelo saque-anivers\u00e1rio, \u00e9 poss\u00edvel reverter para a modalidade de saque-rescis\u00e3o. O processo \u00e9 realizado atrav\u00e9s do aplicativo do FGTS, onde o trabalhador deve acessar sua conta, selecionar a op\u00e7\u00e3o de saque-anivers\u00e1rio e seguir as instru\u00e7\u00f5es para alterar a sistem\u00e1tica de saque.\n<\/p>\n<p>No entanto, \u00e9 importante destacar que a transi\u00e7\u00e3o de volta para o saque-rescis\u00e3o n\u00e3o \u00e9 imediata. Existe um per\u00edodo de car\u00eancia de 24 meses durante o qual o trabalhador n\u00e3o poder\u00e1 acessar o saldo do FGTS, o que pode ser um obst\u00e1culo em caso de demiss\u00e3o durante esse per\u00edodo.\n<\/p>\n<p><strong>Quais foram as medidas recentes sobre o saque-anivers\u00e1rio?<\/strong>\n<\/p>\n<p>No in\u00edcio de 2025, uma medida foi publicada para beneficiar trabalhadores que optaram pelo saque-anivers\u00e1rio e foram demitidos entre 2020 e a data da publica\u00e7\u00e3o. Esses trabalhadores passaram a ter direito de sacar o saldo retido do FGTS. Os valores foram liberados em duas parcelas, a primeira em mar\u00e7o e a segunda em junho, para aqueles com saldo superior a R$ 3 mil. Essa medida resultou na libera\u00e7\u00e3o de mais de R$ 12 milh\u00f5es para pagamentos.\n<\/p>\n<p>Essas mudan\u00e7as refletem o esfor\u00e7o do governo em ajustar as regras do FGTS para atender melhor \u00e0s necessidades dos trabalhadores, oferecendo maior flexibilidade e seguran\u00e7a financeira em tempos de incerteza econ\u00f4mica.\n<\/p>\n<p>Fonte: Reda\u00e7\u00e3o Terra\n              <\/p>\n<\/div>\n<p><br \/>\n<br \/><a href=\"https:\/\/diariodobrasilnoticias.com.br\/noticia\/saque-aniversario-do-fgts-dicas-para-aproveitar-sem-perdas-na-demissao-67e44493ea055\">Source link <\/a><\/p>","protected":false},"excerpt":{"rendered":"<p>O saque-anivers\u00e1rio \u00e9 uma modalidade de retirada do Fundo de Garantia do Tempo de Servi\u00e7o (FGTS) que foi implementada em 2020. Essa op\u00e7\u00e3o permite que o trabalhador retire uma parte&hellip;<\/p>","protected":false},"author":1,"featured_media":114176,"comment_status":"closed","ping_status":"open","sticky":false,"template":"","format":"standard","meta":{"content-type":"","footnotes":""},"categories":[16],"tags":[123,2448,5313,1267],"class_list":["post-114175","post","type-post","status-publish","format-standard","has-post-thumbnail","hentry","category-noticias","tag-brasil","tag-diario","tag-noticia","tag-noticias"],"_links":{"self":[{"href":"https:\/\/tvbrazilusa.com\/pt\/wp-json\/wp\/v2\/posts\/114175","targetHints":{"allow":["GET"]}}],"collection":[{"href":"https:\/\/tvbrazilusa.com\/pt\/wp-json\/wp\/v2\/posts"}],"about":[{"href":"https:\/\/tvbrazilusa.com\/pt\/wp-json\/wp\/v2\/types\/post"}],"author":[{"embeddable":true,"href":"https:\/\/tvbrazilusa.com\/pt\/wp-json\/wp\/v2\/users\/1"}],"replies":[{"embeddable":true,"href":"https:\/\/tvbrazilusa.com\/pt\/wp-json\/wp\/v2\/comments?post=114175"}],"version-history":[{"count":1,"href":"https:\/\/tvbrazilusa.com\/pt\/wp-json\/wp\/v2\/posts\/114175\/revisions"}],"predecessor-version":[{"id":114177,"href":"https:\/\/tvbrazilusa.com\/pt\/wp-json\/wp\/v2\/posts\/114175\/revisions\/114177"}],"wp:featuredmedia":[{"embeddable":true,"href":"https:\/\/tvbrazilusa.com\/pt\/wp-json\/wp\/v2\/media\/114176"}],"wp:attachment":[{"href":"https:\/\/tvbrazilusa.com\/pt\/wp-json\/wp\/v2\/media?parent=114175"}],"wp:term":[{"taxonomy":"category","embeddable":true,"href":"https:\/\/tvbrazilusa.com\/pt\/wp-json\/wp\/v2\/categories?post=114175"},{"taxonomy":"post_tag","embeddable":true,"href":"https:\/\/tvbrazilusa.com\/pt\/wp-json\/wp\/v2\/tags?post=114175"}],"curies":[{"name":"wp","href":"https:\/\/api.w.org\/{rel}","templated":true}]}}