{"id":114190,"date":"2025-03-26T22:10:03","date_gmt":"2025-03-26T22:10:03","guid":{"rendered":"https:\/\/tvbrazilusa.com\/2025\/03\/26\/bolsonaro-comandantes-jamais-embarcariam-em-aventura-veja-video\/"},"modified":"2025-03-26T22:10:10","modified_gmt":"2025-03-26T22:10:10","slug":"bolsonaro-comandantes-jamais-embarcariam-em-aventura-veja-video","status":"publish","type":"post","link":"https:\/\/tvbrazilusa.com\/pt\/2025\/03\/26\/bolsonaro-comandantes-jamais-embarcariam-em-aventura-veja-video\/","title":{"rendered":"Bolsonaro: &#8216;Comandantes jamais embarcariam em aventura&#8217;; VEJA V\u00cdDEO"},"content":{"rendered":"<p> <script async src=\"https:\/\/pagead2.googlesyndication.com\/pagead\/js\/adsbygoogle.js?client=ca-pub-8864793242727901\"\r\n     crossorigin=\"anonymous\"><\/script><br \/>\n<\/p>\n<div id=\"taboola-read-more\" style=\"display:block; width:100%\">\n<p>Em pronunciamento recente, o ex-presidente Jair Bolsonaro afirmou que &#8220;os comandantes [das For\u00e7as Armadas] jamais embarcariam numa aventura&#8221;, referindo-se \u00e0s acusa\u00e7\u00f5es de que teria tentado articular um golpe de Estado ap\u00f3s as elei\u00e7\u00f5es de 2022. A declara\u00e7\u00e3o foi feita nesta quarta-feira, 26 de mar\u00e7o de 2025, horas ap\u00f3s a Primeira Turma do Supremo Tribunal Federal (STF) torn\u00e1-lo r\u00e9u por unanimidade no inqu\u00e9rito que investiga a suposta trama golpista. Bolsonaro defendeu que discuss\u00f5es sobre dispositivos constitucionais n\u00e3o configuram crime, enquanto depoimentos de ex-comandantes militares \u00e0 Pol\u00edcia Federal apontam que ele buscou apoio para impedir a posse de Luiz In\u00e1cio Lula da Silva, embora a maioria tenha rejeitado qualquer ruptura institucional.\n<\/p>\n<p><strong>ASSISTA:<\/strong><\/p>\n<p>Fonte: CNN Brasil              <\/p>\n<\/div>\n<p><br \/>\n<br \/><a href=\"https:\/\/diariodobrasilnoticias.com.br\/noticia\/bolsonaro-comandantes-jamais-embarcariam-em-aventura-veja-video-67e454926ba39\">Source link <\/a><\/p>","protected":false},"excerpt":{"rendered":"<p>Em pronunciamento recente, o ex-presidente Jair Bolsonaro afirmou que &#8220;os comandantes [das For\u00e7as Armadas] jamais embarcariam numa aventura&#8221;, referindo-se \u00e0s acusa\u00e7\u00f5es de que teria tentado articular um golpe de Estado&hellip;<\/p>","protected":false},"author":1,"featured_media":114191,"comment_status":"closed","ping_status":"open","sticky":false,"template":"","format":"standard","meta":{"content-type":"","footnotes":""},"categories":[16],"tags":[123,2448,5313,1267],"class_list":["post-114190","post","type-post","status-publish","format-standard","has-post-thumbnail","hentry","category-noticias","tag-brasil","tag-diario","tag-noticia","tag-noticias"],"_links":{"self":[{"href":"https:\/\/tvbrazilusa.com\/pt\/wp-json\/wp\/v2\/posts\/114190","targetHints":{"allow":["GET"]}}],"collection":[{"href":"https:\/\/tvbrazilusa.com\/pt\/wp-json\/wp\/v2\/posts"}],"about":[{"href":"https:\/\/tvbrazilusa.com\/pt\/wp-json\/wp\/v2\/types\/post"}],"author":[{"embeddable":true,"href":"https:\/\/tvbrazilusa.com\/pt\/wp-json\/wp\/v2\/users\/1"}],"replies":[{"embeddable":true,"href":"https:\/\/tvbrazilusa.com\/pt\/wp-json\/wp\/v2\/comments?post=114190"}],"version-history":[{"count":1,"href":"https:\/\/tvbrazilusa.com\/pt\/wp-json\/wp\/v2\/posts\/114190\/revisions"}],"predecessor-version":[{"id":114192,"href":"https:\/\/tvbrazilusa.com\/pt\/wp-json\/wp\/v2\/posts\/114190\/revisions\/114192"}],"wp:featuredmedia":[{"embeddable":true,"href":"https:\/\/tvbrazilusa.com\/pt\/wp-json\/wp\/v2\/media\/114191"}],"wp:attachment":[{"href":"https:\/\/tvbrazilusa.com\/pt\/wp-json\/wp\/v2\/media?parent=114190"}],"wp:term":[{"taxonomy":"category","embeddable":true,"href":"https:\/\/tvbrazilusa.com\/pt\/wp-json\/wp\/v2\/categories?post=114190"},{"taxonomy":"post_tag","embeddable":true,"href":"https:\/\/tvbrazilusa.com\/pt\/wp-json\/wp\/v2\/tags?post=114190"}],"curies":[{"name":"wp","href":"https:\/\/api.w.org\/{rel}","templated":true}]}}