{"id":114196,"date":"2025-03-26T22:23:52","date_gmt":"2025-03-26T22:23:52","guid":{"rendered":"https:\/\/tvbrazilusa.com\/2025\/03\/26\/sem-provas-dino-diz-que-policiais-e-militares-estavam-armados-no-8-1\/"},"modified":"2025-03-26T22:23:54","modified_gmt":"2025-03-26T22:23:54","slug":"sem-provas-dino-diz-que-policiais-e-militares-estavam-armados-no-8-1","status":"publish","type":"post","link":"https:\/\/tvbrazilusa.com\/pt\/2025\/03\/26\/sem-provas-dino-diz-que-policiais-e-militares-estavam-armados-no-8-1\/","title":{"rendered":"Sem provas, Dino diz que policiais e militares estavam armados no 8\/1"},"content":{"rendered":"<p> <script async src=\"https:\/\/pagead2.googlesyndication.com\/pagead\/js\/adsbygoogle.js?client=ca-pub-8864793242727901\"\r\n     crossorigin=\"anonymous\"><\/script><br \/>\n<\/p>\n<div id=\"taboola-read-more\" style=\"display:block; width:100%\">\n<p>Em sess\u00e3o da Primeira Turma do STF, o ministro Fl\u00e1vio Dino afirmou que policiais e militares participantes dos atos de 8 de janeiro de 2023 estavam armados, destacando que &#8220;n\u00e3o h\u00e1 d\u00favidas&#8221; sobre isso, como parte de sua argumenta\u00e7\u00e3o no julgamento de Jair Bolsonaro e aliados por suposta trama golpista.\n<\/p>\n<p>Contudo, Dino n\u00e3o apresentou provas concretas que sustentassem a presen\u00e7a de armas entre esses agentes durante os eventos, baseando-se em sua experi\u00eancia como ex-governador e ex-ministro da Justi\u00e7a. Na mesma ocasi\u00e3o, foi mencionado que, no dia dos atos, barreiras de verifica\u00e7\u00e3o estavam em opera\u00e7\u00e3o na Esplanada dos Minist\u00e9rios, com policiais militares revistando pedestres para identificar objetos perigosos, como vidros e facas, conforme planejado pela Secretaria de Seguran\u00e7a do Distrito Federal. A aus\u00eancia de evid\u00eancias diretas levantou questionamentos sobre a afirma\u00e7\u00e3o do ministro.<\/p>\n<p>Por J\u00fanior Melo              <\/p>\n<\/div>\n<p><br \/>\n<br \/><a href=\"https:\/\/diariodobrasilnoticias.com.br\/noticia\/sem-provas-dino-diz-que-policiais-e-militares-estavam-armados-no-8-1-67e454eed6db8\">Source link <\/a><\/p>","protected":false},"excerpt":{"rendered":"<p>Em sess\u00e3o da Primeira Turma do STF, o ministro Fl\u00e1vio Dino afirmou que policiais e militares participantes dos atos de 8 de janeiro de 2023 estavam armados, destacando que &#8220;n\u00e3o&hellip;<\/p>","protected":false},"author":1,"featured_media":114197,"comment_status":"closed","ping_status":"open","sticky":false,"template":"","format":"standard","meta":{"content-type":"","footnotes":""},"categories":[16],"tags":[123,2448,5313,1267],"class_list":["post-114196","post","type-post","status-publish","format-standard","has-post-thumbnail","hentry","category-noticias","tag-brasil","tag-diario","tag-noticia","tag-noticias"],"_links":{"self":[{"href":"https:\/\/tvbrazilusa.com\/pt\/wp-json\/wp\/v2\/posts\/114196","targetHints":{"allow":["GET"]}}],"collection":[{"href":"https:\/\/tvbrazilusa.com\/pt\/wp-json\/wp\/v2\/posts"}],"about":[{"href":"https:\/\/tvbrazilusa.com\/pt\/wp-json\/wp\/v2\/types\/post"}],"author":[{"embeddable":true,"href":"https:\/\/tvbrazilusa.com\/pt\/wp-json\/wp\/v2\/users\/1"}],"replies":[{"embeddable":true,"href":"https:\/\/tvbrazilusa.com\/pt\/wp-json\/wp\/v2\/comments?post=114196"}],"version-history":[{"count":1,"href":"https:\/\/tvbrazilusa.com\/pt\/wp-json\/wp\/v2\/posts\/114196\/revisions"}],"predecessor-version":[{"id":114198,"href":"https:\/\/tvbrazilusa.com\/pt\/wp-json\/wp\/v2\/posts\/114196\/revisions\/114198"}],"wp:featuredmedia":[{"embeddable":true,"href":"https:\/\/tvbrazilusa.com\/pt\/wp-json\/wp\/v2\/media\/114197"}],"wp:attachment":[{"href":"https:\/\/tvbrazilusa.com\/pt\/wp-json\/wp\/v2\/media?parent=114196"}],"wp:term":[{"taxonomy":"category","embeddable":true,"href":"https:\/\/tvbrazilusa.com\/pt\/wp-json\/wp\/v2\/categories?post=114196"},{"taxonomy":"post_tag","embeddable":true,"href":"https:\/\/tvbrazilusa.com\/pt\/wp-json\/wp\/v2\/tags?post=114196"}],"curies":[{"name":"wp","href":"https:\/\/api.w.org\/{rel}","templated":true}]}}