{"id":114199,"date":"2025-03-26T22:39:57","date_gmt":"2025-03-26T22:39:57","guid":{"rendered":"https:\/\/tvbrazilusa.com\/2025\/03\/26\/bolsonaro-eu-nao-interferi-no-tse-veja-video\/"},"modified":"2025-03-26T22:40:01","modified_gmt":"2025-03-26T22:40:01","slug":"bolsonaro-eu-nao-interferi-no-tse-veja-video","status":"publish","type":"post","link":"https:\/\/tvbrazilusa.com\/pt\/2025\/03\/26\/bolsonaro-eu-nao-interferi-no-tse-veja-video\/","title":{"rendered":"Bolsonaro: &#8216;Eu n\u00e3o interferi no TSE&#8217;; VEJA V\u00cdDEO"},"content":{"rendered":"<p> <script async src=\"https:\/\/pagead2.googlesyndication.com\/pagead\/js\/adsbygoogle.js?client=ca-pub-8864793242727901\"\r\n     crossorigin=\"anonymous\"><\/script><br \/>\n<\/p>\n<div id=\"taboola-read-more\" style=\"display:block; width:100%\">\n<p>Em coletiva de imprensa realizada nesta quarta-feira, 26 de mar\u00e7o de 2025, o ex-presidente Jair Bolsonaro afirmou que n\u00e3o interferiu no Tribunal Superior Eleitoral (TSE) durante sua gest\u00e3o ou nas elei\u00e7\u00f5es de 2022, rebatendo acusa\u00e7\u00f5es de que teria tentado influenciar o processo eleitoral. &#8220;Eu n\u00e3o interferi no TSE, o outro lado interferiu. Eu n\u00e3o soltei nenhum bandido pra disputar a elei\u00e7\u00e3o&#8221;, declarou Bolsonaro, sugerindo que seus advers\u00e1rios pol\u00edticos teriam tido a\u00e7\u00f5es question\u00e1veis durante o pleito. A fala ocorre em um contexto de cont\u00ednuas discuss\u00f5es sobre a lisura das elei\u00e7\u00f5es que o tornaram ineleg\u00edvel at\u00e9 2030, conforme decis\u00e3o do TSE por abuso de poder pol\u00edtico e uso indevido dos meios de comunica\u00e7\u00e3o.\n<\/p>\n<p><strong>ASSISTA:<\/strong><\/p>\n<p>Fonte: CNN Brasil \/ X              <\/p>\n<\/div>\n<p><br \/>\n<br \/><a href=\"https:\/\/diariodobrasilnoticias.com.br\/noticia\/bolsonaro-eu-nao-interferi-no-tse-veja-video-67e456b10b729\">Source link <\/a><\/p>","protected":false},"excerpt":{"rendered":"<p>Em coletiva de imprensa realizada nesta quarta-feira, 26 de mar\u00e7o de 2025, o ex-presidente Jair Bolsonaro afirmou que n\u00e3o interferiu no Tribunal Superior Eleitoral (TSE) durante sua gest\u00e3o ou nas&hellip;<\/p>","protected":false},"author":1,"featured_media":114200,"comment_status":"closed","ping_status":"open","sticky":false,"template":"","format":"standard","meta":{"content-type":"","footnotes":""},"categories":[16],"tags":[123,2448,5313,1267],"class_list":["post-114199","post","type-post","status-publish","format-standard","has-post-thumbnail","hentry","category-noticias","tag-brasil","tag-diario","tag-noticia","tag-noticias"],"_links":{"self":[{"href":"https:\/\/tvbrazilusa.com\/pt\/wp-json\/wp\/v2\/posts\/114199","targetHints":{"allow":["GET"]}}],"collection":[{"href":"https:\/\/tvbrazilusa.com\/pt\/wp-json\/wp\/v2\/posts"}],"about":[{"href":"https:\/\/tvbrazilusa.com\/pt\/wp-json\/wp\/v2\/types\/post"}],"author":[{"embeddable":true,"href":"https:\/\/tvbrazilusa.com\/pt\/wp-json\/wp\/v2\/users\/1"}],"replies":[{"embeddable":true,"href":"https:\/\/tvbrazilusa.com\/pt\/wp-json\/wp\/v2\/comments?post=114199"}],"version-history":[{"count":1,"href":"https:\/\/tvbrazilusa.com\/pt\/wp-json\/wp\/v2\/posts\/114199\/revisions"}],"predecessor-version":[{"id":114201,"href":"https:\/\/tvbrazilusa.com\/pt\/wp-json\/wp\/v2\/posts\/114199\/revisions\/114201"}],"wp:featuredmedia":[{"embeddable":true,"href":"https:\/\/tvbrazilusa.com\/pt\/wp-json\/wp\/v2\/media\/114200"}],"wp:attachment":[{"href":"https:\/\/tvbrazilusa.com\/pt\/wp-json\/wp\/v2\/media?parent=114199"}],"wp:term":[{"taxonomy":"category","embeddable":true,"href":"https:\/\/tvbrazilusa.com\/pt\/wp-json\/wp\/v2\/categories?post=114199"},{"taxonomy":"post_tag","embeddable":true,"href":"https:\/\/tvbrazilusa.com\/pt\/wp-json\/wp\/v2\/tags?post=114199"}],"curies":[{"name":"wp","href":"https:\/\/api.w.org\/{rel}","templated":true}]}}