{"id":114319,"date":"2025-03-27T13:06:15","date_gmt":"2025-03-27T13:06:15","guid":{"rendered":"https:\/\/tvbrazilusa.com\/2025\/03\/27\/moraes-determina-que-acao-de-dino-contra-dallagnol-retorne-ao-stf\/"},"modified":"2025-03-27T13:06:16","modified_gmt":"2025-03-27T13:06:16","slug":"moraes-determina-que-acao-de-dino-contra-dallagnol-retorne-ao-stf","status":"publish","type":"post","link":"https:\/\/tvbrazilusa.com\/pt\/2025\/03\/27\/moraes-determina-que-acao-de-dino-contra-dallagnol-retorne-ao-stf\/","title":{"rendered":"Moraes determina que a\u00e7\u00e3o de Dino contra Dallagnol retorne ao STF"},"content":{"rendered":"<p> <script async src=\"https:\/\/pagead2.googlesyndication.com\/pagead\/js\/adsbygoogle.js?client=ca-pub-8864793242727901\"\r\n     crossorigin=\"anonymous\"><\/script><br \/>\n<\/p>\n<div>\n<figure class=\"post-image\">\n<\/figure>\n<p>            <span style=\"font-size: 12px\">Foto: Rosinei Coutinho\/STF<\/span><\/p>\n<p>            <!-- end metas --><br \/>\n            <!-- ADS --><\/p>\n<div id=\"taboola-read-more\" style=\"display:block; width:100%\">\n<p>Alexandre de Moraes mandou retornar ao STF uma a\u00e7\u00e3o movida por Fl\u00e1vio Dino, ainda enquanto ministro da Justi\u00e7a do governo Lula, contra o ex-deputado Deltan Dallagnol.\n<\/p>\n<p>Na queixa-crime, apresentada em abril de 2023, Dino acusou o ent\u00e3o deputado Dallagnol dos crimes de cal\u00fania, difama\u00e7\u00e3o e racismo por ter dito em entrevistas que o ent\u00e3o ministro da Justi\u00e7a havia feito acordos com o crime organizado que lhe permitiram visitar o Complexo da Mar\u00e9, no Rio de Janeiro.<\/p>\n<p>O processo do hoje ministro do STF contra o ex-procurador da Lava Jato foi enviado por Moraes \u00e0 primeira inst\u00e2ncia da Justi\u00e7a Federal do Distrito Federal em junho de 2023. A decis\u00e3o foi tomada depois que Dallagnol teve o mandato na C\u00e2mara cassado e perdeu o foro privilegiado.\n<\/p>\n<p>Diante da recente mudan\u00e7a no entendimento do STF sobre a aplica\u00e7\u00e3o da prerrogativa de foro, no entanto, Moraes mandou a a\u00e7\u00e3o retornar ao Supremo. O foro privilegiado agora segue valendo mesmo ap\u00f3s autoridades deixarem o cargo ou o mandato, em casos que envolvam crimes cometidos durante o exerc\u00edcio da fun\u00e7\u00e3o e em raz\u00e3o dela.\n<\/p>\n<p>Como mostrou a coluna, Moraes j\u00e1 havia tomado uma decis\u00e3o semelhante em rela\u00e7\u00e3o a um processo contra o ex-ministro do Meio Ambiente e deputado federal Ricardo Salles, do PL de S\u00e3o Paulo. A a\u00e7\u00e3o havia sido enviada \u00e0 Justi\u00e7a Federal do Par\u00e1, mas retornar\u00e1 ao STF.\n<\/p>\n<p>Fonte: Plato BR              <\/p>\n<\/div>\n<p>                        <!-- Scripts para conteudo --><\/p>\n<p>            <!-- .\/Scripts para conteudo --><br \/>\n            <!-- .\/Mat\u00e9ria --><\/p>\n<div class=\"row mt-3\">\n<div class=\"col-sm-6\">\n                <!-- Whatsapp channel 3--><br \/>\n                <a href=\"https:\/\/chat.whatsapp.com\/B8Qy6Erx4kb6yTzj3kaDco\" target=\"_blank\"><br \/>\n                  <img decoding=\"async\" src=\"https:\/\/diariodobrasilnoticias.com.br\/assets-site\/images\/bot_whatsapp.png\"\/><\/a>\n              <\/div>\n<div class=\"col-sm-6\">\n                <a href=\"https:\/\/t.me\/+_4gTmi5LKo03OTM5\" target=\"_blank\"><br \/>\n                  <img decoding=\"async\" src=\"https:\/\/diariodobrasilnoticias.com.br\/assets-site\/images\/bot_telegram.png\"\/><\/a>\n              <\/div>\n<\/p><\/div>\n<p>            <!-- end post-navigation --><\/p>\n<p>              <!-- end row --><\/p>\n<p>              <!-- end col-12-->\n                      <\/div>\n<p><br \/>\n<br \/><a href=\"https:\/\/diariodobrasilnoticias.com.br\/noticia\/moraes-determina-que-acao-de-dino-contra-dallagnol-retorne-ao-stf-67e52e335b973\">Source link <\/a><\/p>","protected":false},"excerpt":{"rendered":"<p>Foto: Rosinei Coutinho\/STF Alexandre de Moraes mandou retornar ao STF uma a\u00e7\u00e3o movida por Fl\u00e1vio Dino, ainda enquanto ministro da Justi\u00e7a do governo Lula, contra o ex-deputado Deltan Dallagnol. Na&hellip;<\/p>","protected":false},"author":1,"featured_media":114320,"comment_status":"closed","ping_status":"open","sticky":false,"template":"","format":"standard","meta":{"content-type":"","footnotes":""},"categories":[16],"tags":[123,2448,5313,1267],"class_list":["post-114319","post","type-post","status-publish","format-standard","has-post-thumbnail","hentry","category-noticias","tag-brasil","tag-diario","tag-noticia","tag-noticias"],"_links":{"self":[{"href":"https:\/\/tvbrazilusa.com\/pt\/wp-json\/wp\/v2\/posts\/114319","targetHints":{"allow":["GET"]}}],"collection":[{"href":"https:\/\/tvbrazilusa.com\/pt\/wp-json\/wp\/v2\/posts"}],"about":[{"href":"https:\/\/tvbrazilusa.com\/pt\/wp-json\/wp\/v2\/types\/post"}],"author":[{"embeddable":true,"href":"https:\/\/tvbrazilusa.com\/pt\/wp-json\/wp\/v2\/users\/1"}],"replies":[{"embeddable":true,"href":"https:\/\/tvbrazilusa.com\/pt\/wp-json\/wp\/v2\/comments?post=114319"}],"version-history":[{"count":1,"href":"https:\/\/tvbrazilusa.com\/pt\/wp-json\/wp\/v2\/posts\/114319\/revisions"}],"predecessor-version":[{"id":114321,"href":"https:\/\/tvbrazilusa.com\/pt\/wp-json\/wp\/v2\/posts\/114319\/revisions\/114321"}],"wp:featuredmedia":[{"embeddable":true,"href":"https:\/\/tvbrazilusa.com\/pt\/wp-json\/wp\/v2\/media\/114320"}],"wp:attachment":[{"href":"https:\/\/tvbrazilusa.com\/pt\/wp-json\/wp\/v2\/media?parent=114319"}],"wp:term":[{"taxonomy":"category","embeddable":true,"href":"https:\/\/tvbrazilusa.com\/pt\/wp-json\/wp\/v2\/categories?post=114319"},{"taxonomy":"post_tag","embeddable":true,"href":"https:\/\/tvbrazilusa.com\/pt\/wp-json\/wp\/v2\/tags?post=114319"}],"curies":[{"name":"wp","href":"https:\/\/api.w.org\/{rel}","templated":true}]}}