{"id":11432,"date":"2024-07-29T16:22:20","date_gmt":"2024-07-29T16:22:20","guid":{"rendered":"https:\/\/tvbrazilusa.com\/2024\/07\/29\/motorista-de-porsche-atropela-e-mata-motociclista-apos-confusao-de-transito-em-sp-veja-video\/"},"modified":"2024-07-29T16:25:38","modified_gmt":"2024-07-29T16:25:38","slug":"motorista-de-porsche-atropela-e-mata-motociclista-apos-confusao-de-transito-em-sp-veja-video","status":"publish","type":"post","link":"https:\/\/tvbrazilusa.com\/pt\/2024\/07\/29\/motorista-de-porsche-atropela-e-mata-motociclista-apos-confusao-de-transito-em-sp-veja-video\/","title":{"rendered":"Motorista de Porsche atropela e mata motociclista ap\u00f3s confus\u00e3o de tr\u00e2nsito em SP; VEJA V\u00cdDEO"},"content":{"rendered":"<p> <script async src=\"https:\/\/pagead2.googlesyndication.com\/pagead\/js\/adsbygoogle.js?client=ca-pub-8864793242727901\"\r\n     crossorigin=\"anonymous\"><\/script><br \/>\n<\/p>\n<div>\n<p>Na madrugada desta segunda-feira, 29 de julho de 2024, a Avenida Interlagos, na zona sul de S\u00e3o Paulo, foi palco de um tr\u00e1gico incidente que culminou na morte de um jovem motociclista de 21 anos. Um Porsche amarelo, conduzido por Igor Ferreira Sauceda, se envolveu em uma persegui\u00e7\u00e3o e subsequente colis\u00e3o fatal.<\/p>\n<p>Segundo testemunhas, a briga entre os motoristas come\u00e7ou ap\u00f3s uma colis\u00e3o que danificou o retrovisor do carro de luxo. A discuss\u00e3o acalorada entre Sauceda e a v\u00edtima, Pedro Kaique Ventura Figueiredo, rapidamente escalou para uma persegui\u00e7\u00e3o pelas ruas da cidade, levando a um desfecho tr\u00e1gico.<\/p>\n<blockquote class=\"twitter-tweet\" data-media-max-width=\"560\">\n<p lang=\"pt\" dir=\"ltr\">\u23ef\ufe0f Porsche em alta velocidade arrasta e esmaga moto contra poste<\/p>\n<p>Imagens de c\u00e2mera de monitoramento mostram momento em que Porsche arrasta moto ap\u00f3s persegui\u00e7\u00e3o. Motociclista morreu<\/p>\n<p>Leia: <a href=\"https:\/\/t.co\/R1BE9uZy10\">https:\/\/t.co\/R1BE9uZy10<\/a> <a href=\"https:\/\/t.co\/k1M8oUH5BL\">pic.twitter.com\/k1M8oUH5BL<\/a><\/p>\n<p>\u2014 Metr\u00f3poles (@Metropoles) <a href=\"https:\/\/twitter.com\/Metropoles\/status\/1817907690523246771?ref_src=twsrc%5Etfw\">July 29, 2024<\/a><\/p><\/blockquote>\n<h2 class=\"wp-block-heading\">Motorista do Porsche Amarelo e a Mortal Persegui\u00e7\u00e3o<\/h2>\n<p>A palavra-chave \u201cmotorista do Porsche amarelo\u201d est\u00e1 no centro deste caso. Relatos indicam que, ap\u00f3s a colis\u00e3o do retrovisor, Sauceda n\u00e3o se conformou com o dano e decidiu perseguir o motociclista pela Avenida Interlagos. Na tentativa de fugir, Pedro Kaique foi atingido e acabou perdendo o controle de sua moto, sendo atropelado.<\/p>\n<h2 class=\"wp-block-heading\">Por que uma Briga de Tr\u00e2nsito Resultou em Morte?<\/h2>\n<p>As motiva\u00e7\u00f5es por tr\u00e1s da persegui\u00e7\u00e3o que levou a esta trag\u00e9dia ainda s\u00e3o investigadas. No entanto, o que se sabe \u00e9 que o calor do momento e a perda de controle emocional foram fatores determinantes. Testemunhas ouvidas no local ouviram gritos como: \u201cVoc\u00ea matou o cara da moto por causa do retrovisor do seu carro!\u201d. Sauceda, por sua vez, negou que essa tenha sido a motiva\u00e7\u00e3o principal.<\/p>\n<p>A Pol\u00edcia Civil trabalha para entender a din\u00e2mica completa dos eventos. A per\u00edcia foi imediatamente acionada, levando \u00e0 interdi\u00e7\u00e3o total da Avenida Interlagos para a coleta de provas e esclarecimentos necess\u00e1rios.<\/p>\n<h2 class=\"wp-block-heading\">Consequ\u00eancias e Investiga\u00e7\u00e3o em Andamento<\/h2>\n<p>De acordo com a Secretaria de Seguran\u00e7a P\u00fablica de S\u00e3o Paulo, o caso foi registrado no 11\u00b0 Distrito Policial. Igor Ferreira Sauceda foi levado ao Instituto M\u00e9dico-Legal (IML) para a realiza\u00e7\u00e3o de exame toxicol\u00f3gico e, posteriormente, encaminhado \u00e0 delegacia para prestar depoimento. Ele poder\u00e1 responder por homic\u00eddio doloso e les\u00e3o corporal, j\u00e1 que uma mulher que o acompanhava tamb\u00e9m se feriu no acidente.<\/p>\n<p>Este epis\u00f3dio levanta questionamentos importantes sobre a seguran\u00e7a no tr\u00e2nsito e as graves consequ\u00eancias de comportamentos impulsivos e agressivos ao volante. Atingido por este triste acontecimento, a comunidade local aguarda respostas e medidas que possam prevenir novos casos semelhantes no futuro.<\/p>\n<\/p><\/div>\n<p><script async src=\"\/\/platform.twitter.com\/widgets.js\" charset=\"utf-8\"><\/script><br \/>\n<br \/><br \/>\n<br \/><a href=\"https:\/\/terrabrasilnoticias.com\/2024\/07\/motorista-de-porsche-atropela-e-mata-motociclista-apos-confusao-de-transito-em-sp-veja-video\/\">Source link <\/a><\/p>","protected":false},"excerpt":{"rendered":"<p>Na madrugada desta segunda-feira, 29 de julho de 2024, a Avenida Interlagos, na zona sul de S\u00e3o Paulo, foi palco de um tr\u00e1gico incidente que culminou na morte de um&hellip;<\/p>","protected":false},"author":1,"featured_media":11433,"comment_status":"closed","ping_status":"open","sticky":false,"template":"","format":"standard","meta":{"content-type":"","footnotes":""},"categories":[16],"tags":[],"class_list":["post-11432","post","type-post","status-publish","format-standard","has-post-thumbnail","hentry","category-noticias"],"_links":{"self":[{"href":"https:\/\/tvbrazilusa.com\/pt\/wp-json\/wp\/v2\/posts\/11432","targetHints":{"allow":["GET"]}}],"collection":[{"href":"https:\/\/tvbrazilusa.com\/pt\/wp-json\/wp\/v2\/posts"}],"about":[{"href":"https:\/\/tvbrazilusa.com\/pt\/wp-json\/wp\/v2\/types\/post"}],"author":[{"embeddable":true,"href":"https:\/\/tvbrazilusa.com\/pt\/wp-json\/wp\/v2\/users\/1"}],"replies":[{"embeddable":true,"href":"https:\/\/tvbrazilusa.com\/pt\/wp-json\/wp\/v2\/comments?post=11432"}],"version-history":[{"count":1,"href":"https:\/\/tvbrazilusa.com\/pt\/wp-json\/wp\/v2\/posts\/11432\/revisions"}],"predecessor-version":[{"id":11434,"href":"https:\/\/tvbrazilusa.com\/pt\/wp-json\/wp\/v2\/posts\/11432\/revisions\/11434"}],"wp:featuredmedia":[{"embeddable":true,"href":"https:\/\/tvbrazilusa.com\/pt\/wp-json\/wp\/v2\/media\/11433"}],"wp:attachment":[{"href":"https:\/\/tvbrazilusa.com\/pt\/wp-json\/wp\/v2\/media?parent=11432"}],"wp:term":[{"taxonomy":"category","embeddable":true,"href":"https:\/\/tvbrazilusa.com\/pt\/wp-json\/wp\/v2\/categories?post=11432"},{"taxonomy":"post_tag","embeddable":true,"href":"https:\/\/tvbrazilusa.com\/pt\/wp-json\/wp\/v2\/tags?post=11432"}],"curies":[{"name":"wp","href":"https:\/\/api.w.org\/{rel}","templated":true}]}}