{"id":114328,"date":"2025-03-27T13:47:30","date_gmt":"2025-03-27T13:47:30","guid":{"rendered":"https:\/\/tvbrazilusa.com\/2025\/03\/27\/nikolas-questiona-imparcialidade-do-julgamento-de-bolsonaro\/"},"modified":"2025-03-27T13:47:31","modified_gmt":"2025-03-27T13:47:31","slug":"nikolas-questiona-imparcialidade-do-julgamento-de-bolsonaro","status":"publish","type":"post","link":"https:\/\/tvbrazilusa.com\/pt\/2025\/03\/27\/nikolas-questiona-imparcialidade-do-julgamento-de-bolsonaro\/","title":{"rendered":"Nikolas questiona imparcialidade do julgamento de Bolsonaro"},"content":{"rendered":"<p> <script async src=\"https:\/\/pagead2.googlesyndication.com\/pagead\/js\/adsbygoogle.js?client=ca-pub-8864793242727901\"\r\n     crossorigin=\"anonymous\"><\/script><br \/>\n<\/p>\n<div id=\"taboola-read-more\" style=\"display:block; width:100%\">\n<p>O deputado Nikolas Ferreira (PL), em discurso no plen\u00e1rio da C\u00e2mara nesta quarta-feira, 26, questionou a imparcialidade dos ministros da Primeira Turma do Supremo Tribunal Federal (STF) no julgamento que tornou o ex-presidente Jair Bolsonaro (PL) r\u00e9u por participa\u00e7\u00e3o em trama golpista.\n<\/p>\n<p>\u201cFa\u00e7am as contas comigo. Um tribunal que tem cinco ministros. O primeiro, Alexandre de Moraes, que ele mesmo julga se ele \u00e9 parcial ou n\u00e3o. O outro, Fl\u00e1vio Dino, que \u00e9 amigo do Lula desde quando Dino era magro. Terceiro, ministro ex-advogado do Lula, Zanin. O quarto e o quinto foram indicados pelo PT. Senhores, voc\u00eas est\u00e3o de sacanagem\u2026 Voc\u00eas v\u00e3o falar como que esse julgamento \u00e9 s\u00e9rio? Que \u00e9 um julgamento imparcial?\u201c, disse.<\/p>\n<p>Segundo Nikolas, as defesas dos acusados n\u00e3o tiveram acesso \u00e0s provas das investiga\u00e7\u00f5es.\n<\/p>\n<p>\u201cOra, os pr\u00f3prio advogados falaram recorrentemente que eles n\u00e3o tinham acesso \u00e0s provas. Em qualquer pa\u00eds normal, isso j\u00e1 seria motivo de nulidade\u201c, acrescentou.\n<\/p>\n<p>Em sua manifesta\u00e7\u00e3o, o deputado ironizou tamb\u00e9m o voto do ministro Alexandre de Moraes para condenar a cabelereira D\u00e9bora Rodrigues do Santos, que pichou a frase \u2018Perdeu, Man\u00e9\u2019 com batom na est\u00e1tua do STF, dizendo que ela estava com \u201cuma grande arma, um batonzinho\u201d.\n<\/p>\n<p>\u201c\u00c9 claro que naquelas imagens n\u00e3o tinha batom, nem b\u00edblia. A pessoa que est\u00e1 sendo condenada a 14 anos nem aqui [na C\u00e2mara] entrou, mas estava com uma\u2026 [Nikolas mostra um batom com a m\u00e3o direita] toma cuidado comigo aqui, hein, estava com uma grande arma, um batonzinho. Imagina se os ministros andassem pelas federais do Brasil. \u00c9 picha\u00e7\u00e3o para tudo que \u00e9 lugar. E outra, n\u00e3o eram voc\u00eas que defendiam que picha\u00e7\u00e3o \u00e9 liberdade, \u00e9 tudo bem fazer isso. E agora quer condenar essa pessoa a 14 anos?\u201d, afirmou.\n<\/p>\n<p><strong>O Antagonista<\/strong>              <\/p>\n<\/div>\n<p><br \/>\n<br \/><a href=\"https:\/\/diariodobrasilnoticias.com.br\/noticia\/nikolas-questiona-imparcialidade-do-julgamento-de-bolsonaro-67e531df99ceb\">Source link <\/a><\/p>","protected":false},"excerpt":{"rendered":"<p>O deputado Nikolas Ferreira (PL), em discurso no plen\u00e1rio da C\u00e2mara nesta quarta-feira, 26, questionou a imparcialidade dos ministros da Primeira Turma do Supremo Tribunal Federal (STF) no julgamento que&hellip;<\/p>","protected":false},"author":1,"featured_media":114329,"comment_status":"closed","ping_status":"open","sticky":false,"template":"","format":"standard","meta":{"content-type":"","footnotes":""},"categories":[16],"tags":[123,2448,5313,1267],"class_list":["post-114328","post","type-post","status-publish","format-standard","has-post-thumbnail","hentry","category-noticias","tag-brasil","tag-diario","tag-noticia","tag-noticias"],"_links":{"self":[{"href":"https:\/\/tvbrazilusa.com\/pt\/wp-json\/wp\/v2\/posts\/114328","targetHints":{"allow":["GET"]}}],"collection":[{"href":"https:\/\/tvbrazilusa.com\/pt\/wp-json\/wp\/v2\/posts"}],"about":[{"href":"https:\/\/tvbrazilusa.com\/pt\/wp-json\/wp\/v2\/types\/post"}],"author":[{"embeddable":true,"href":"https:\/\/tvbrazilusa.com\/pt\/wp-json\/wp\/v2\/users\/1"}],"replies":[{"embeddable":true,"href":"https:\/\/tvbrazilusa.com\/pt\/wp-json\/wp\/v2\/comments?post=114328"}],"version-history":[{"count":1,"href":"https:\/\/tvbrazilusa.com\/pt\/wp-json\/wp\/v2\/posts\/114328\/revisions"}],"predecessor-version":[{"id":114330,"href":"https:\/\/tvbrazilusa.com\/pt\/wp-json\/wp\/v2\/posts\/114328\/revisions\/114330"}],"wp:featuredmedia":[{"embeddable":true,"href":"https:\/\/tvbrazilusa.com\/pt\/wp-json\/wp\/v2\/media\/114329"}],"wp:attachment":[{"href":"https:\/\/tvbrazilusa.com\/pt\/wp-json\/wp\/v2\/media?parent=114328"}],"wp:term":[{"taxonomy":"category","embeddable":true,"href":"https:\/\/tvbrazilusa.com\/pt\/wp-json\/wp\/v2\/categories?post=114328"},{"taxonomy":"post_tag","embeddable":true,"href":"https:\/\/tvbrazilusa.com\/pt\/wp-json\/wp\/v2\/tags?post=114328"}],"curies":[{"name":"wp","href":"https:\/\/api.w.org\/{rel}","templated":true}]}}