{"id":114334,"date":"2025-03-27T14:01:51","date_gmt":"2025-03-27T14:01:51","guid":{"rendered":"https:\/\/tvbrazilusa.com\/2025\/03\/27\/lula-ameaca-taxar-produtos-dos-eua-se-recurso-na-omc-falhar\/"},"modified":"2025-03-27T14:01:52","modified_gmt":"2025-03-27T14:01:52","slug":"lula-ameaca-taxar-produtos-dos-eua-se-recurso-na-omc-falhar","status":"publish","type":"post","link":"https:\/\/tvbrazilusa.com\/pt\/2025\/03\/27\/lula-ameaca-taxar-produtos-dos-eua-se-recurso-na-omc-falhar\/","title":{"rendered":"Lula amea\u00e7a taxar produtos dos EUA se recurso na OMC falhar"},"content":{"rendered":"<p> <script async src=\"https:\/\/pagead2.googlesyndication.com\/pagead\/js\/adsbygoogle.js?client=ca-pub-8864793242727901\"\r\n     crossorigin=\"anonymous\"><\/script><br \/>\n<\/p>\n<div id=\"taboola-read-more\" style=\"display:block; width:100%\">\n<p>O presidente da Rep\u00fablica, Luiz In\u00e1cio Lula da Silva (PT), prometeu na 4\u00aa feira (26.mar.2025) sobretaxar produtos dos Estados Unidos caso um recurso na OMC (Organiza\u00e7\u00e3o Mundial do Com\u00e9rcio) n\u00e3o resolva a quest\u00e3o das taxas adicionais cobradas por Donald Trump (republicano) ao a\u00e7o e alum\u00ednio brasileiros.\n<\/p>\n<p>\u201cDa parte do Brasil, ele [Trump] taxou o a\u00e7o brasileiro em 25%. N\u00f3s temos duas decis\u00f5es a fazer. Uma \u00e9 recorrer \u00e0 Organiza\u00e7\u00e3o Mundial do Com\u00e9rcio, que n\u00f3s vamos recorrer, e a outra \u00e9 a gente sobretaxar os produtos norte-americanos que importamos. \u00c9 colocar em pr\u00e1tica a lei da reciprocidade. N\u00e3o d\u00e1 para a gente ficar quieto achando que s\u00f3 eles t\u00eam raz\u00e3o e que s\u00f3 eles podem taxar os produtos\u201d, declarou o petista em entrevista a jornalistas, no Jap\u00e3o.<\/p>\n<p>Segundo o petista, a pol\u00edtica do presidente norte-americano de taxar produtos importados de outros pa\u00edses ser\u00e1 prejudicial aos EUA por pressionar os pre\u00e7os e resultar em uma infla\u00e7\u00e3o maior.\n<\/p>\n<p>\u201cSe ele est\u00e1 pensando que tomando essa decis\u00e3o de taxar tudo aquilo que os Estados Unidos importam, eu acho que vai ser prejudicial aos Estados Unidos. Isso vai levar a um aumento do pre\u00e7o das coisas e pode levar a uma infla\u00e7\u00e3o que ele ainda n\u00e3o est\u00e1 percebendo\u201d, disse Lula.\n<\/p>\n<p>O presidente afirmou estar muito preocupado com as decis\u00f5es de Trump porque afetam o livre com\u00e9rcio e o multilateralismo. Para ele, as decis\u00f5es deveriam ser conversadas com outros pa\u00edses antes e que o norte-americano n\u00e3o \u00e9 o \u201cxerife\u201d do mundo.\n<\/p>\n<p>\u201cEu acho muito ruim essa taxa\u00e7\u00e3o porque em vez da gente facilitar o com\u00e9rcio no mundo, a gente est\u00e1 dificultando o com\u00e9rcio no mundo. Esse protecionismo n\u00e3o ajuda nenhum pa\u00eds do mundo. Vamos ver as consequ\u00eancias disso. Eu acho que vai ser ruim para os Estados Unidos. Vamos esperar um tempo porque o tempo, quem sabe, nesse caso, seja o senhor da raz\u00e3o\u201d, declarou o petista.\n<\/p>\n<p><strong>Poder 360<\/strong>              <\/p>\n<\/div>\n<p><br \/>\n<br \/><a href=\"https:\/\/diariodobrasilnoticias.com.br\/noticia\/lula-ameaca-taxar-produtos-dos-eua-se-recurso-na-omc-falhar-67e531a303ee1\">Source link <\/a><\/p>","protected":false},"excerpt":{"rendered":"<p>O presidente da Rep\u00fablica, Luiz In\u00e1cio Lula da Silva (PT), prometeu na 4\u00aa feira (26.mar.2025) sobretaxar produtos dos Estados Unidos caso um recurso na OMC (Organiza\u00e7\u00e3o Mundial do Com\u00e9rcio) n\u00e3o&hellip;<\/p>","protected":false},"author":1,"featured_media":114335,"comment_status":"closed","ping_status":"open","sticky":false,"template":"","format":"standard","meta":{"content-type":"","footnotes":""},"categories":[16],"tags":[123,2448,5313,1267],"class_list":["post-114334","post","type-post","status-publish","format-standard","has-post-thumbnail","hentry","category-noticias","tag-brasil","tag-diario","tag-noticia","tag-noticias"],"_links":{"self":[{"href":"https:\/\/tvbrazilusa.com\/pt\/wp-json\/wp\/v2\/posts\/114334","targetHints":{"allow":["GET"]}}],"collection":[{"href":"https:\/\/tvbrazilusa.com\/pt\/wp-json\/wp\/v2\/posts"}],"about":[{"href":"https:\/\/tvbrazilusa.com\/pt\/wp-json\/wp\/v2\/types\/post"}],"author":[{"embeddable":true,"href":"https:\/\/tvbrazilusa.com\/pt\/wp-json\/wp\/v2\/users\/1"}],"replies":[{"embeddable":true,"href":"https:\/\/tvbrazilusa.com\/pt\/wp-json\/wp\/v2\/comments?post=114334"}],"version-history":[{"count":1,"href":"https:\/\/tvbrazilusa.com\/pt\/wp-json\/wp\/v2\/posts\/114334\/revisions"}],"predecessor-version":[{"id":114336,"href":"https:\/\/tvbrazilusa.com\/pt\/wp-json\/wp\/v2\/posts\/114334\/revisions\/114336"}],"wp:featuredmedia":[{"embeddable":true,"href":"https:\/\/tvbrazilusa.com\/pt\/wp-json\/wp\/v2\/media\/114335"}],"wp:attachment":[{"href":"https:\/\/tvbrazilusa.com\/pt\/wp-json\/wp\/v2\/media?parent=114334"}],"wp:term":[{"taxonomy":"category","embeddable":true,"href":"https:\/\/tvbrazilusa.com\/pt\/wp-json\/wp\/v2\/categories?post=114334"},{"taxonomy":"post_tag","embeddable":true,"href":"https:\/\/tvbrazilusa.com\/pt\/wp-json\/wp\/v2\/tags?post=114334"}],"curies":[{"name":"wp","href":"https:\/\/api.w.org\/{rel}","templated":true}]}}