{"id":114340,"date":"2025-03-27T14:15:15","date_gmt":"2025-03-27T14:15:15","guid":{"rendered":"https:\/\/tvbrazilusa.com\/2025\/03\/27\/com-bolsonaro-reu-pl-segue-pressionando-por-votacao-da-anistia-ao-8-1\/"},"modified":"2025-03-27T14:15:17","modified_gmt":"2025-03-27T14:15:17","slug":"com-bolsonaro-reu-pl-segue-pressionando-por-votacao-da-anistia-ao-8-1","status":"publish","type":"post","link":"https:\/\/tvbrazilusa.com\/pt\/2025\/03\/27\/com-bolsonaro-reu-pl-segue-pressionando-por-votacao-da-anistia-ao-8-1\/","title":{"rendered":"Com Bolsonaro r\u00e9u, PL segue pressionando por vota\u00e7\u00e3o da anistia ao 8\/1"},"content":{"rendered":"<p> <script async src=\"https:\/\/pagead2.googlesyndication.com\/pagead\/js\/adsbygoogle.js?client=ca-pub-8864793242727901\"\r\n     crossorigin=\"anonymous\"><\/script><br \/>\n<\/p>\n<div id=\"taboola-read-more\" style=\"display:block; width:100%\">\n<p>Aliados do ex-presidente Jair Bolsonaro (PL) mant\u00eam prioridade para pautar a anistia aos envolvidos nos atos extremistas de 8 de janeiro de 2023 e defendem discutir a proposta com o presidente da C\u00e2mara, Hugo Motta (Republicanos-PB), na pr\u00f3xima semana.\n<\/p>\n<p>O encontro deve ocorrer na manh\u00e3 da pr\u00f3xima ter\u00e7a-feira (1\u00ba), com a demanda dos parlamentares para conseguir algum avan\u00e7o ligado ao texto. O PL quer tentar ao menos que o projeto ganhe regime de urg\u00eancia \u2014 o que dispensaria a an\u00e1lise da proposta por comiss\u00f5es \u2014, com inten\u00e7\u00e3o de se chegar a um acordo entre l\u00edderes para vota\u00e7\u00e3o do requerimento em 8 de abril.<\/p>\n<p>O projeto, apontado como a prioridade n\u00famero 1 por l\u00edderes do partido, ganha agora mais apelo dentro da legenda ap\u00f3s o ex-presidente ter se tornado r\u00e9u no STF (Supremo Tribunal Federal) por tentativa de golpe de Estado.\n<\/p>\n<p>Na \u00faltima reuni\u00e3o da legenda, o l\u00edder do PL na C\u00e2mara, S\u00f3stenes Cavalcante (RJ), afirmou ter o apoio de outros nove partidos ao texto e estimou um placar de 310 votos.\n<\/p>\n<p>Nessa quarta-feira (26), em declara\u00e7\u00e3o \u00e0 imprensa depois do resultado do STF, Bolsonaro fez coro pela anistia. \u201cEu quero tirar as pessoas da cadeia porque isso \u00e9 uma injusti\u00e7a. Ningu\u00e9m tentou dar um golpe. Olha o perfil dessas pessoas, elas tinham condi\u00e7\u00f5es de assumir?\u201d, questionou. \u201cAnistia \u00e9 perd\u00e3o, \u00e9 passar borracha, \u00e9 fazer o Brasil voltar a sua normalidade\u201d, acrescentou.\n<\/p>\n<p>Em outra frente, parlamentares governistas avaliam que n\u00e3o ser\u00e1 f\u00e1cil fechar um acordo em rela\u00e7\u00e3o ao texto e consideram que a insist\u00eancia com a pauta da anistia pode provocar um desentendimento com o STF, dado que a corte ainda n\u00e3o concluiu todas as etapas de julgamento do 8 de Janeiro.\n<\/p>\n<p>\u201cVotar anistia \u00e9 comprar uma briga do tamanho do mundo com o Supremo. \u00c9 desmoralizar o Supremo. N\u00e3o votar, estabelece um canal de di\u00e1logo\u201d, afirma o l\u00edder do PT na C\u00e2mara, Lindbergh Farias (RJ).\n<\/p>\n<p><strong>PL entra em obstru\u00e7\u00e3o<\/strong>\n<\/p>\n<p>Nessa quarta, S\u00f3stenes anunciou que a bancada do PL na C\u00e2mara vai entrar em regime de obstru\u00e7\u00e3o como forma de protesto ao julgamento do STF contra Bolsonaro.\n<\/p>\n<p>A obstru\u00e7\u00e3o \u00e9 um recurso utilizado por parlamentares para impedir o prosseguimento dos trabalhos legislativos no plen\u00e1rio. Os mecanismos mais utilizados para isso s\u00e3o pronunciamentos, pedidos de adiamento da discuss\u00e3o e da vota\u00e7\u00e3o de propostas e sa\u00edda do plen\u00e1rio para evitar o qu\u00f3rum m\u00ednimo para delibera\u00e7\u00e3o de projetos.\n<\/p>\n<p>\u201cHoje arbitrariamente tornam o presidente Bolsonaro e mais sete r\u00e9us nesse processo. Mas queremos dizer que, se pensaram que \u00edamos abaixar a cabe\u00e7a, hoje j\u00e1 come\u00e7amos a obstru\u00e7\u00e3o na C\u00e2mara. Hoje aqui, na C\u00e2mara, ningu\u00e9m vai fazer nada. N\u00e3o houve Ordem do Dia. E n\u00f3s vamos continuar nessa trincheira da luta: da luta pela democracia; da luta pelo direito ao devido processo legal, que est\u00e1 sendo aviltado pelo Supremo Tribunal Federal; da luta nas ruas\u201d, disse S\u00f3stenes na tribuna do plen\u00e1rio da C\u00e2mara.\n<\/p>\n<p>\u201cN\u00f3s vamos ocupar as ruas para defender o legado de um homem honrado, o presidente Bolsonaro. Eu quero dizer \u00e0 esquerda que hoje, s\u00f3 hoje, n\u00f3s vamos ocupar esta tribuna e o nosso tempo para defender o nosso l\u00edder maior. A partir de amanh\u00e3, n\u00f3s vamos voltar a falar do brasileiro que foi enganado na elei\u00e7\u00e3o, com a promessa de picanha e cervejinha barata, e agora n\u00e3o tem nem picanha, nem caf\u00e9, nem ovo, nem ab\u00f3bora, nem legumes\u201d, acrescentou.\n<\/p>\n<p><strong>R7<\/strong>              <\/p>\n<\/div>\n<p><br \/>\n<br \/><a href=\"https:\/\/diariodobrasilnoticias.com.br\/noticia\/com-bolsonaro-reu-pl-segue-pressionando-por-votacao-da-anistia-ao-8-1-67e53372a8b69\">Source link <\/a><\/p>","protected":false},"excerpt":{"rendered":"<p>Aliados do ex-presidente Jair Bolsonaro (PL) mant\u00eam prioridade para pautar a anistia aos envolvidos nos atos extremistas de 8 de janeiro de 2023 e defendem discutir a proposta com o&hellip;<\/p>","protected":false},"author":1,"featured_media":114341,"comment_status":"closed","ping_status":"open","sticky":false,"template":"","format":"standard","meta":{"content-type":"","footnotes":""},"categories":[16],"tags":[123,2448,5313,1267],"class_list":["post-114340","post","type-post","status-publish","format-standard","has-post-thumbnail","hentry","category-noticias","tag-brasil","tag-diario","tag-noticia","tag-noticias"],"_links":{"self":[{"href":"https:\/\/tvbrazilusa.com\/pt\/wp-json\/wp\/v2\/posts\/114340","targetHints":{"allow":["GET"]}}],"collection":[{"href":"https:\/\/tvbrazilusa.com\/pt\/wp-json\/wp\/v2\/posts"}],"about":[{"href":"https:\/\/tvbrazilusa.com\/pt\/wp-json\/wp\/v2\/types\/post"}],"author":[{"embeddable":true,"href":"https:\/\/tvbrazilusa.com\/pt\/wp-json\/wp\/v2\/users\/1"}],"replies":[{"embeddable":true,"href":"https:\/\/tvbrazilusa.com\/pt\/wp-json\/wp\/v2\/comments?post=114340"}],"version-history":[{"count":1,"href":"https:\/\/tvbrazilusa.com\/pt\/wp-json\/wp\/v2\/posts\/114340\/revisions"}],"predecessor-version":[{"id":114342,"href":"https:\/\/tvbrazilusa.com\/pt\/wp-json\/wp\/v2\/posts\/114340\/revisions\/114342"}],"wp:featuredmedia":[{"embeddable":true,"href":"https:\/\/tvbrazilusa.com\/pt\/wp-json\/wp\/v2\/media\/114341"}],"wp:attachment":[{"href":"https:\/\/tvbrazilusa.com\/pt\/wp-json\/wp\/v2\/media?parent=114340"}],"wp:term":[{"taxonomy":"category","embeddable":true,"href":"https:\/\/tvbrazilusa.com\/pt\/wp-json\/wp\/v2\/categories?post=114340"},{"taxonomy":"post_tag","embeddable":true,"href":"https:\/\/tvbrazilusa.com\/pt\/wp-json\/wp\/v2\/tags?post=114340"}],"curies":[{"name":"wp","href":"https:\/\/api.w.org\/{rel}","templated":true}]}}