{"id":114343,"date":"2025-03-27T14:32:59","date_gmt":"2025-03-27T14:32:59","guid":{"rendered":"https:\/\/tvbrazilusa.com\/2025\/03\/27\/detencao-e-bloqueio-a-julgamento-de-sebastiao-coelho-sao-ilegais-dizem-especialistas\/"},"modified":"2025-03-27T14:33:01","modified_gmt":"2025-03-27T14:33:01","slug":"detencao-e-bloqueio-a-julgamento-de-sebastiao-coelho-sao-ilegais-dizem-especialistas","status":"publish","type":"post","link":"https:\/\/tvbrazilusa.com\/pt\/2025\/03\/27\/detencao-e-bloqueio-a-julgamento-de-sebastiao-coelho-sao-ilegais-dizem-especialistas\/","title":{"rendered":"Deten\u00e7\u00e3o e bloqueio a julgamento de Sebasti\u00e3o Coelho s\u00e3o ilegais, dizem especialistas"},"content":{"rendered":"<p> <script async src=\"https:\/\/pagead2.googlesyndication.com\/pagead\/js\/adsbygoogle.js?client=ca-pub-8864793242727901\"\r\n     crossorigin=\"anonymous\"><\/script><br \/>\n<\/p>\n<div id=\"taboola-read-more\" style=\"display:block; width:100%\">\n<p>Especialistas afirmam que as a\u00e7\u00f5es registradas no Supremo Tribunal Federal (STF) na ter\u00e7a-feira (25) em rela\u00e7\u00e3o ao desembargador aposentado Sebasti\u00e3o Coelho s\u00e3o inconstitucionais e uma afronta \u00e0 advocacia. Coelho \u00e9 advogado de Filipe Martins, que integra o mesmo processo em que Jair Bolsonaro \u00e9 acusado. No entanto, foi impedido de acessar o julgamento da den\u00fancia contra o ex-presidente e detido ao manifestar sua indigna\u00e7\u00e3o por ter o acesso negado.<\/p>\n<p>Coelho estava acompanhado de outro advogado, Edson Marques e, segundo requerimento enviado por eles ao STF na tarde de ter\u00e7a-feira (25), ambos seguiram os seguran\u00e7as da Corte at\u00e9 uma sala localizada em \u201clocal discreto\u201d e sem p\u00fablico presente, ap\u00f3s terem o acesso bloqueado.<\/p>\n<p>\u201cNo caminho, os seguran\u00e7as deram voz de pris\u00e3o em flagrante\u201d, informam no documento, ao citarem que a ordem teria partido de Alexandre de Moraes. \u201cEm seguida, os telefones celulares foram apreendidos tamb\u00e9m\u201d, continuam na descri\u00e7\u00e3o.<\/p>\n<p>Os advogados foram liberados momentos depois e tiveram seus aparelhos celulares devolvidos, sem registro da ocorr\u00eancia, mas especialistas apontam a gravidade da a\u00e7\u00e3o. \u201cDeter um profissional de advocacia em exerc\u00edcio de sua profiss\u00e3o \u00e9 algo bem complicado. N\u00e3o \u00e9 esse Estado Democr\u00e1tico de Direito que queremos\u201d, afirma Fernando Fabiani Capano, doutor em Direito do Estado pela USP e pela Universidade de Salamanca, na Espanha.<\/p>\n<p>Segundo ele, mesmo que o profissional estivesse bastante alterado e precisasse se acalmar, dar voz de pris\u00e3o seria inadequado. \u201cO que deveria ser feito \u00e9 chamar os representantes da advocacia, da seccional da OAB-DF\u201d, esclarece, ao pontuar que uma das prerrogativas dos advogados e de autoridades judiciais \u00e9 a de n\u00e3o ser preso no exerc\u00edcio da fun\u00e7\u00e3o.<\/p>\n<p>\u201cSomos todos componentes da fam\u00edlia da justi\u00e7a\u201d, afirmou. \u201cSe n\u00e3o se pode prender um magistrado no exerc\u00edcio de sua fun\u00e7\u00e3o, tamb\u00e9m n\u00e3o se pode prender um advogado\u201d, completou.<\/p>\n<p>Fonte: Gazeta do Povo<\/p>\n<\/p><\/div>\n<p><br \/>\n<br \/><a href=\"https:\/\/diariodobrasilnoticias.com.br\/noticia\/detencao-e-bloqueio-a-julgamento-de-sebastiao-coelho-sao-ilegais-dizem-especialistas-67e544fa2e104\">Source link <\/a><\/p>","protected":false},"excerpt":{"rendered":"<p>Especialistas afirmam que as a\u00e7\u00f5es registradas no Supremo Tribunal Federal (STF) na ter\u00e7a-feira (25) em rela\u00e7\u00e3o ao desembargador aposentado Sebasti\u00e3o Coelho s\u00e3o inconstitucionais e uma afronta \u00e0 advocacia. Coelho \u00e9&hellip;<\/p>","protected":false},"author":1,"featured_media":114344,"comment_status":"closed","ping_status":"open","sticky":false,"template":"","format":"standard","meta":{"content-type":"","footnotes":""},"categories":[16],"tags":[123,2448,5313,1267],"class_list":["post-114343","post","type-post","status-publish","format-standard","has-post-thumbnail","hentry","category-noticias","tag-brasil","tag-diario","tag-noticia","tag-noticias"],"_links":{"self":[{"href":"https:\/\/tvbrazilusa.com\/pt\/wp-json\/wp\/v2\/posts\/114343","targetHints":{"allow":["GET"]}}],"collection":[{"href":"https:\/\/tvbrazilusa.com\/pt\/wp-json\/wp\/v2\/posts"}],"about":[{"href":"https:\/\/tvbrazilusa.com\/pt\/wp-json\/wp\/v2\/types\/post"}],"author":[{"embeddable":true,"href":"https:\/\/tvbrazilusa.com\/pt\/wp-json\/wp\/v2\/users\/1"}],"replies":[{"embeddable":true,"href":"https:\/\/tvbrazilusa.com\/pt\/wp-json\/wp\/v2\/comments?post=114343"}],"version-history":[{"count":1,"href":"https:\/\/tvbrazilusa.com\/pt\/wp-json\/wp\/v2\/posts\/114343\/revisions"}],"predecessor-version":[{"id":114345,"href":"https:\/\/tvbrazilusa.com\/pt\/wp-json\/wp\/v2\/posts\/114343\/revisions\/114345"}],"wp:featuredmedia":[{"embeddable":true,"href":"https:\/\/tvbrazilusa.com\/pt\/wp-json\/wp\/v2\/media\/114344"}],"wp:attachment":[{"href":"https:\/\/tvbrazilusa.com\/pt\/wp-json\/wp\/v2\/media?parent=114343"}],"wp:term":[{"taxonomy":"category","embeddable":true,"href":"https:\/\/tvbrazilusa.com\/pt\/wp-json\/wp\/v2\/categories?post=114343"},{"taxonomy":"post_tag","embeddable":true,"href":"https:\/\/tvbrazilusa.com\/pt\/wp-json\/wp\/v2\/tags?post=114343"}],"curies":[{"name":"wp","href":"https:\/\/api.w.org\/{rel}","templated":true}]}}