{"id":114346,"date":"2025-03-27T14:46:05","date_gmt":"2025-03-27T14:46:05","guid":{"rendered":"https:\/\/tvbrazilusa.com\/2025\/03\/27\/marco-aurelio-mello-ex-ministro-afirma-que-nao-gostaria-de-ser-julgado-pelo-stf\/"},"modified":"2025-03-27T14:46:07","modified_gmt":"2025-03-27T14:46:07","slug":"marco-aurelio-mello-ex-ministro-afirma-que-nao-gostaria-de-ser-julgado-pelo-stf","status":"publish","type":"post","link":"https:\/\/tvbrazilusa.com\/pt\/2025\/03\/27\/marco-aurelio-mello-ex-ministro-afirma-que-nao-gostaria-de-ser-julgado-pelo-stf\/","title":{"rendered":"Marco Aur\u00e9lio Mello, ex-ministro, afirma que n\u00e3o gostaria de ser julgado pelo STF"},"content":{"rendered":"<p> <script async src=\"https:\/\/pagead2.googlesyndication.com\/pagead\/js\/adsbygoogle.js?client=ca-pub-8864793242727901\"\r\n     crossorigin=\"anonymous\"><\/script><br \/>\n<\/p>\n<div id=\"taboola-read-more\" style=\"display:block; width:100%\">\n<p>Ministro do STF (Supremo Tribunal Federal) durante 31 anos, Marco Aur\u00e9lio Mello diz que n\u00e3o gostaria de ser julgado pela corte caso cometa algum &#8220;desvio de conduta&#8221; \u2014que espera n\u00e3o cometer\u2014 e defende que o ministro Luiz Fux revise a pena de D\u00e9bora Rodrigues, que pichou &#8220;perdeu, man\u00e9&#8221; na est\u00e1tua &#8220;A Justi\u00e7a&#8221;.\n<\/p>\n<p>O ex-ministro, que critica publicamente a condu\u00e7\u00e3o do julgamento de Jair Bolsonaro (PL) pela corte, questiona a compet\u00eancia do Supremo para julgar o ex-presidente. &#8220;A Constitui\u00e7\u00e3o revela a compet\u00eancia do Supremo. E a compet\u00eancia \u00e9 direito estrito, \u00e9 algo que est\u00e1 na Constitui\u00e7\u00e3o e nada mais. Mas eles v\u00eam se dizendo competentes para julgar todo mundo&#8221;, diz.<\/p>\n<p>&#8220;Onde foi julgado o atual presidente \u00e0 \u00e9poca? O presidente Lula? Na 13\u00aa vara federal criminal de Curitiba. Ele era ex-presidente, por que n\u00e3o foi julgado no Supremo?&#8221;, pergunta.\n<\/p>\n<p>Ele contesta tamb\u00e9m o julgamento de envolvidos nos ataques golpistas de 8 de janeiro de 2023 e diz que a situa\u00e7\u00e3o \u00e9 ruim &#8220;a partir do momento em que o \u00f3rg\u00e3o m\u00e1ximo do Judici\u00e1rio se declara competente para julgar cidad\u00e3os comuns.&#8221;\n<\/p>\n<p>&#8220;Eu, por exemplo, n\u00e3o gostaria de ser julgado l\u00e1 no Supremo se viesse a cometer um desvio de conduta que eu espero que n\u00e3o cometa&#8221;, afirma, criticando ainda o fato de o julgamento estar sendo realizado na Primeira Turma, em vez de no plen\u00e1rio da corte.\n<\/p>\n<p>O ex-ministro sinaliza alinhamento com Fux na quest\u00e3o da dosimetria da pena de D\u00e9bora, condenada a 14 anos pela picha\u00e7\u00e3o. Fux pediu mais tempo para analisar o caso e, nesta quarta-feira (26), indicou que vai revisar a pena da cabeleireira.\n<\/p>\n<p>&#8220;Aquela mo\u00e7a, por exemplo, que utilizou uma arma que foi um batom e prestou a homenagem ao ministro [Lu\u00eds Roberto] Barroso, que repetiu o que ele disse l\u00e1 em Nova York. Ela foi apenada em 14 anos por ele&#8221;, diz Marco Aur\u00e9lio, que defende a revis\u00e3o sinalizada por Fux. &#8220;Eu espero que ele o fa\u00e7a. Porque sapecaram a\u00ed&#8230; O relator, o ministro Alexandre [de Moraes] sapecou uma pena que \u00e9 exorbitante e considera v\u00e1rios crimes, inclusive associa\u00e7\u00e3o criminosa armada. A arma dela foi o batom.&#8221;\n<\/p>\n<p>Fonte: Folha de S. Paulo              <\/p>\n<\/div>\n<p><br \/>\n<br \/><a href=\"https:\/\/diariodobrasilnoticias.com.br\/noticia\/marco-aurelio-mello-ex-ministro-afirma-que-nao-gostaria-de-ser-julgado-pelo-stf-67e55c413964a\">Source link <\/a><\/p>","protected":false},"excerpt":{"rendered":"<p>Ministro do STF (Supremo Tribunal Federal) durante 31 anos, Marco Aur\u00e9lio Mello diz que n\u00e3o gostaria de ser julgado pela corte caso cometa algum &#8220;desvio de conduta&#8221; \u2014que espera n\u00e3o&hellip;<\/p>","protected":false},"author":1,"featured_media":114347,"comment_status":"closed","ping_status":"open","sticky":false,"template":"","format":"standard","meta":{"content-type":"","footnotes":""},"categories":[16],"tags":[123,2448,5313,1267],"class_list":["post-114346","post","type-post","status-publish","format-standard","has-post-thumbnail","hentry","category-noticias","tag-brasil","tag-diario","tag-noticia","tag-noticias"],"_links":{"self":[{"href":"https:\/\/tvbrazilusa.com\/pt\/wp-json\/wp\/v2\/posts\/114346","targetHints":{"allow":["GET"]}}],"collection":[{"href":"https:\/\/tvbrazilusa.com\/pt\/wp-json\/wp\/v2\/posts"}],"about":[{"href":"https:\/\/tvbrazilusa.com\/pt\/wp-json\/wp\/v2\/types\/post"}],"author":[{"embeddable":true,"href":"https:\/\/tvbrazilusa.com\/pt\/wp-json\/wp\/v2\/users\/1"}],"replies":[{"embeddable":true,"href":"https:\/\/tvbrazilusa.com\/pt\/wp-json\/wp\/v2\/comments?post=114346"}],"version-history":[{"count":1,"href":"https:\/\/tvbrazilusa.com\/pt\/wp-json\/wp\/v2\/posts\/114346\/revisions"}],"predecessor-version":[{"id":114348,"href":"https:\/\/tvbrazilusa.com\/pt\/wp-json\/wp\/v2\/posts\/114346\/revisions\/114348"}],"wp:featuredmedia":[{"embeddable":true,"href":"https:\/\/tvbrazilusa.com\/pt\/wp-json\/wp\/v2\/media\/114347"}],"wp:attachment":[{"href":"https:\/\/tvbrazilusa.com\/pt\/wp-json\/wp\/v2\/media?parent=114346"}],"wp:term":[{"taxonomy":"category","embeddable":true,"href":"https:\/\/tvbrazilusa.com\/pt\/wp-json\/wp\/v2\/categories?post=114346"},{"taxonomy":"post_tag","embeddable":true,"href":"https:\/\/tvbrazilusa.com\/pt\/wp-json\/wp\/v2\/tags?post=114346"}],"curies":[{"name":"wp","href":"https:\/\/api.w.org\/{rel}","templated":true}]}}