{"id":114364,"date":"2025-03-27T16:13:22","date_gmt":"2025-03-27T16:13:22","guid":{"rendered":"https:\/\/tvbrazilusa.com\/2025\/03\/27\/se-torna-publica-carta-de-desculpa-que-debora-lins-confira-na-integra\/"},"modified":"2025-03-27T16:13:24","modified_gmt":"2025-03-27T16:13:24","slug":"se-torna-publica-carta-de-desculpa-que-debora-lins-confira-na-integra","status":"publish","type":"post","link":"https:\/\/tvbrazilusa.com\/pt\/2025\/03\/27\/se-torna-publica-carta-de-desculpa-que-debora-lins-confira-na-integra\/","title":{"rendered":"Se torna p\u00fablica carta de desculpa que D\u00e9bora Lins; CONFIRA NA \u00cdNTEGRA"},"content":{"rendered":"<p> <script async src=\"https:\/\/pagead2.googlesyndication.com\/pagead\/js\/adsbygoogle.js?client=ca-pub-8864793242727901\"\r\n     crossorigin=\"anonymous\"><\/script><br \/>\n<\/p>\n<div id=\"taboola-read-more\" style=\"display:block; width:100%\">\n<p>Depois da repercuss\u00e3o do caso da cabeleireira D\u00e9bora Rodrigues dos Santos, presa h\u00e1 dois anos e condenada a 14 por escrever, com batom, a frase \u201cPerdeu, man\u00e9\u201d na Est\u00e1tua do STF durante os atos de 8 de janeiro de 2023, o ministro Alexandre de Moraes retirou o sigilo do caso.<\/p>\n<p>A ordem foi expedida pela Secretaria Judici\u00e1ria do STF nesta quarta-feira (26) e d\u00e1 acesso a todos os documentos do processo, inclusive \u00e0 carta de desculpas que a cabeleireira escreveu para o ministro em outubro de 2024.<\/p>\n<p>Defesa aponta preocupa\u00e7\u00e3o com declara\u00e7\u00e3o de Fux de que o STF \u201cjulgou sob violenta emo\u00e7\u00e3o&#8221;<\/p>\n<p>Os advogados de defesa de D\u00e9bora Rodrigues, H\u00e9lio Junior e Tani\u00e9lli Telles, divulgaram uma nota de preocupa\u00e7\u00e3o ap\u00f3s o julgamento desta ter\u00e7a-feira, em que os ministros aceitaram a den\u00fancia contra o ex-presidente Jair Bolsonaro e outros sete acusados de tentativa de golpe de Estado. Durante a sess\u00e3o, o ministro Luiz Fux afirmou que, em alguns julgamentos de acusados de envolvimento nos atos do 8 de janeiro, ele admite que a pena foi exacerbada, como no caso de D\u00e9bora.<\/p>\n<p>Os advogados apontam que essa declara\u00e7\u00e3o \u00e9 a confiss\u00e3o de que houve a viola\u00e7\u00e3o do que est\u00e1 previsto na Constitui\u00e7\u00e3o Federal, de que todo julgamento deve ser conduzido de forma imparcial, isenta e dentro dos estritos limites da legalidade.\n<\/p>\n<p><strong>Segue a \u00edntegra da carta de D\u00e9bora:<\/strong><br \/><em>Excelent\u00edssimo Ministro Dr. Alexandre de Moraes, que esta o encontre com sa\u00fade e paz.<\/em><\/p>\n<p><em>Me chamo D\u00e9bora e venho atrav\u00e9s desta carta me comunicar amistosamente com vossa Excel\u00eancia. N\u00e3o sei ao certo como dirigir as palavras a algu\u00e9m de cargo t\u00e3o importante, portanto pe\u00e7o que o Dr. desconsidere eventuais erros.<\/em>\n<\/p>\n<p><em>Sou uma mulher crist\u00e3, tenho 39 anos, trabalho desde os meus 14 anos de idade, sou esposa do Nilton e temos dois filhos, o Caio (10 anos) e o Rafael (8 anos) que s\u00e3o meu cora\u00e7\u00e3o batendo fora do peito.<\/em>\n<\/p>\n<p><em>Excel\u00eancia, para n\u00e3o tomar muito o seu tempo, vou direto ao ponto.<\/em>\n<\/p>\n<p><em>Sou uma cidad\u00e3 comum e simples e sempre mantive minha conduta inabalada, jamais compactuei com atitudes violentas ou il\u00edcitas.<\/em>\n<\/p>\n<p><em>Fui a Bras\u00edlia, pois acreditava que aconteceria uma manifesta\u00e7\u00e3o pac\u00edfica e sem transtornos, por\u00e9m, aos poucos fui percebendo que o movimento foi ficando acalorado. Devo deixar claro que em momento algum eu adentrei em quaisquer Casas dos poderes, fiquei somente na Pra\u00e7a dos 3 Poderes, encantada com as constru\u00e7\u00f5es t\u00e3o gigantescas e bem arquitetadas. Sinceramente, fiquei muito chateada com o \u201cquebra quebra\u201d nas institui\u00e7\u00f5es.<\/em>\n<\/p>\n<p><em>Repudio o vandalismo, contudo eu estava ali porque eu queria ser ouvida, queria maiores explica\u00e7\u00f5es sobre o resultado das elei\u00e7\u00f5es t\u00e3o conturbadas de 2022.<\/em>\n<\/p>\n<\/p>\n<p><img decoding=\"async\" src=\"https:\/\/tvbrazilusa.com\/wp-content\/uploads\/2025\/03\/Se-torna-publica-carta-de-desculpa-que-Debora-Lins-CONFIRA.jpg\" \/>\n<\/p>\n<p>\n<\/p>\n<p>Fonte: Gazeta do Povo              <\/p>\n<\/div>\n<p><br \/>\n<br \/><a href=\"https:\/\/diariodobrasilnoticias.com.br\/noticia\/se-torna-publica-carta-de-desculpa-que-debora-lins-confira-na-integra-67e554ef38083\">Source link <\/a><\/p>","protected":false},"excerpt":{"rendered":"<p>Depois da repercuss\u00e3o do caso da cabeleireira D\u00e9bora Rodrigues dos Santos, presa h\u00e1 dois anos e condenada a 14 por escrever, com batom, a frase \u201cPerdeu, man\u00e9\u201d na Est\u00e1tua do&hellip;<\/p>","protected":false},"author":1,"featured_media":114365,"comment_status":"closed","ping_status":"open","sticky":false,"template":"","format":"standard","meta":{"content-type":"","footnotes":""},"categories":[16],"tags":[123,2448,5313,1267],"class_list":["post-114364","post","type-post","status-publish","format-standard","has-post-thumbnail","hentry","category-noticias","tag-brasil","tag-diario","tag-noticia","tag-noticias"],"_links":{"self":[{"href":"https:\/\/tvbrazilusa.com\/pt\/wp-json\/wp\/v2\/posts\/114364","targetHints":{"allow":["GET"]}}],"collection":[{"href":"https:\/\/tvbrazilusa.com\/pt\/wp-json\/wp\/v2\/posts"}],"about":[{"href":"https:\/\/tvbrazilusa.com\/pt\/wp-json\/wp\/v2\/types\/post"}],"author":[{"embeddable":true,"href":"https:\/\/tvbrazilusa.com\/pt\/wp-json\/wp\/v2\/users\/1"}],"replies":[{"embeddable":true,"href":"https:\/\/tvbrazilusa.com\/pt\/wp-json\/wp\/v2\/comments?post=114364"}],"version-history":[{"count":1,"href":"https:\/\/tvbrazilusa.com\/pt\/wp-json\/wp\/v2\/posts\/114364\/revisions"}],"predecessor-version":[{"id":114366,"href":"https:\/\/tvbrazilusa.com\/pt\/wp-json\/wp\/v2\/posts\/114364\/revisions\/114366"}],"wp:featuredmedia":[{"embeddable":true,"href":"https:\/\/tvbrazilusa.com\/pt\/wp-json\/wp\/v2\/media\/114365"}],"wp:attachment":[{"href":"https:\/\/tvbrazilusa.com\/pt\/wp-json\/wp\/v2\/media?parent=114364"}],"wp:term":[{"taxonomy":"category","embeddable":true,"href":"https:\/\/tvbrazilusa.com\/pt\/wp-json\/wp\/v2\/categories?post=114364"},{"taxonomy":"post_tag","embeddable":true,"href":"https:\/\/tvbrazilusa.com\/pt\/wp-json\/wp\/v2\/tags?post=114364"}],"curies":[{"name":"wp","href":"https:\/\/api.w.org\/{rel}","templated":true}]}}