{"id":114367,"date":"2025-03-27T16:15:56","date_gmt":"2025-03-27T16:15:56","guid":{"rendered":"https:\/\/tvbrazilusa.com\/2025\/03\/27\/o-senado-recua-para-comecar-o-dia-da-escola-depois-jacksonville-hoje\/"},"modified":"2025-03-27T16:16:58","modified_gmt":"2025-03-27T16:16:58","slug":"o-senado-recua-para-comecar-o-dia-da-escola-depois-jacksonville-hoje","status":"publish","type":"post","link":"https:\/\/tvbrazilusa.com\/pt\/2025\/03\/27\/o-senado-recua-para-comecar-o-dia-da-escola-depois-jacksonville-hoje\/","title":{"rendered":"O Senado recua para come\u00e7ar o dia da escola depois | Jacksonville hoje"},"content":{"rendered":"<p> <script async src=\"https:\/\/pagead2.googlesyndication.com\/pagead\/js\/adsbygoogle.js?client=ca-pub-8864793242727901\"\r\n     crossorigin=\"anonymous\"><\/script><br \/>\n<\/p>\n<div>\n<p>Os legisladores da Fl\u00f3rida, em 2023, aprovaram uma lei destinada a come\u00e7ar os dias do ensino m\u00e9dio no final da manh\u00e3, apontando para pesquisas mostrando que os adolescentes n\u00e3o est\u00e3o dormindo o suficiente.<\/p>\n<p>Mas dois anos depois, com um prazo de 2026 aparecendo para os distritos escolares cumprirem, o Senado da Fl\u00f3rida na quinta -feira aprovou por unanimidade um projeto de lei que iria <a href=\"https:\/\/jaxtoday.org\/2025\/03\/04\/school-start-times-florida-legislature\/\">desfazer a lei<\/a> E deixe as autoridades locais decidirem quando as escolas come\u00e7am.<\/p>\n<p>A mudan\u00e7a ocorreu ap\u00f3s um protesto de muitos distritos escolares, que disseram que s\u00e3o <a href=\"https:\/\/jaxtoday.org\/2025\/01\/16\/duval-schools-start-times\/\">lutando para cumprir<\/a> Com o prazo devido a quest\u00f5es como a necessidade de comprar mais \u00f4nibus e contratar motoristas de \u00f4nibus dif\u00edceis de encontrar. Al\u00e9m disso, os distritos disseram que o in\u00edcio da escola mais tarde pode afetar as atividades p\u00f3s-escola dos alunos e os cuidados infantis das fam\u00edlias.<\/p>\n<p>O senador Jennifer Bradley, um republicano da ilha de Fleming que patrocinou a conta de quinta -feira (<a href=\"https:\/\/www.flsenate.gov\/Session\/Bill\/2025\/296\" rel=\"nofollow noopener\" target=\"_blank\">SB 296<\/a>), disse a &#8220;lei muito bem-intencionada procurou garantir que nossos alunos estivessem descansados&#8221;. Mas ela apontou para o feedback dos distritos escolares na tentativa de realizar a lei.<\/p>\n<p>&#8220;Esse mandato apresentaria desafios incr\u00edveis, financeiramente e n\u00e3o&#8221;, disse Bradley.<\/p>\n<p>O senador Danny Burgess, republicano de Zephyrhills que patrocinou a lei de 2023 e apoiou a conta de Bradley, disse que os legisladores poderiam estar &#8220;entrando em um campo minado&#8221; se n\u00e3o se livrarem dos requisitos.<\/p>\n<p>De acordo com a lei, as escolas secund\u00e1rias n\u00e3o puderam come\u00e7ar antes das 8h30 e as escolas de ensino m\u00e9dio n\u00e3o puderam come\u00e7ar antes das 8h, enquanto a lei abordava as escolas de ensino m\u00e9dio, era principalmente sobre escolas secund\u00e1rias.<\/p>\n<p>Citando informa\u00e7\u00f5es do Escrit\u00f3rio de An\u00e1lise de Pol\u00edticas de Programa da Legislatura e Responsabilidade do Governo, uma an\u00e1lise do Senado disse que o hor\u00e1rio m\u00e9dio de in\u00edcio das escolas secund\u00e1rias da Fl\u00f3rida \u00e9 7h45, afirmou que 46% das escolas secund\u00e1rias come\u00e7am antes das 7h30 e 19% come\u00e7am entre as 7h30 e as 8h<\/p>\n<p>Ele disse que o hor\u00e1rio m\u00e9dio de in\u00edcio para as escolas de ensino m\u00e9dio \u00e9 das 9h03, com 8% come\u00e7ando antes das 8h<\/p>\n<p>O projeto de lei de Bradley permitiria que os distritos evitassem os requisitos se eles enviarem relat\u00f3rios ao Departamento de Educa\u00e7\u00e3o da Fl\u00f3rida, que incluem informa\u00e7\u00f5es sobre quest\u00f5es como hor\u00e1rios de in\u00edcio da escola e estrat\u00e9gias consideradas posteriores a hor\u00e1rios de in\u00edcio para escolas de ensino m\u00e9dio e m\u00e9dio.<\/p>\n<p>Uma conta de casa semelhante (<a href=\"https:\/\/www.flsenate.gov\/Session\/Bill\/2025\/261\" rel=\"nofollow noopener\" target=\"_blank\">HB 261<\/a>) foi aprovado quarta -feira pelo Comit\u00ea de Educa\u00e7\u00e3o e Emprego e est\u00e1 posicionado para ir \u00e0 Casa Full.<\/p>\n<p>A senadora Tina Polsky, D-Boca Raton, chamou a conta de Bradley de &#8220;grande passo&#8221; e que os distritos escolares devem ser capazes de decidir o que \u00e9 melhor para seus alunos.<\/p>\n<p>&#8220;\u00c9 muito para o Legislativo admitir que talvez cometamos um erro&#8221;, disse Polsky.<\/p>\n<\/div>\n<p><br \/>\n<br \/><a href=\"https:\/\/jaxtoday.org\/2025\/03\/27\/school-day-start-time-florida\/\">Source link <\/a><\/p>","protected":false},"excerpt":{"rendered":"<p>Os legisladores da Fl\u00f3rida, em 2023, aprovaram uma lei destinada a come\u00e7ar os dias do ensino m\u00e9dio no final da manh\u00e3, apontando para pesquisas mostrando que os adolescentes n\u00e3o est\u00e3o&hellip;<\/p>","protected":false},"author":1,"featured_media":114368,"comment_status":"closed","ping_status":"open","sticky":false,"template":"","format":"standard","meta":{"content-type":"","footnotes":""},"categories":[1],"tags":[],"class_list":["post-114367","post","type-post","status-publish","format-standard","has-post-thumbnail","hentry","category-uncategorized"],"_links":{"self":[{"href":"https:\/\/tvbrazilusa.com\/pt\/wp-json\/wp\/v2\/posts\/114367","targetHints":{"allow":["GET"]}}],"collection":[{"href":"https:\/\/tvbrazilusa.com\/pt\/wp-json\/wp\/v2\/posts"}],"about":[{"href":"https:\/\/tvbrazilusa.com\/pt\/wp-json\/wp\/v2\/types\/post"}],"author":[{"embeddable":true,"href":"https:\/\/tvbrazilusa.com\/pt\/wp-json\/wp\/v2\/users\/1"}],"replies":[{"embeddable":true,"href":"https:\/\/tvbrazilusa.com\/pt\/wp-json\/wp\/v2\/comments?post=114367"}],"version-history":[{"count":1,"href":"https:\/\/tvbrazilusa.com\/pt\/wp-json\/wp\/v2\/posts\/114367\/revisions"}],"predecessor-version":[{"id":114369,"href":"https:\/\/tvbrazilusa.com\/pt\/wp-json\/wp\/v2\/posts\/114367\/revisions\/114369"}],"wp:featuredmedia":[{"embeddable":true,"href":"https:\/\/tvbrazilusa.com\/pt\/wp-json\/wp\/v2\/media\/114368"}],"wp:attachment":[{"href":"https:\/\/tvbrazilusa.com\/pt\/wp-json\/wp\/v2\/media?parent=114367"}],"wp:term":[{"taxonomy":"category","embeddable":true,"href":"https:\/\/tvbrazilusa.com\/pt\/wp-json\/wp\/v2\/categories?post=114367"},{"taxonomy":"post_tag","embeddable":true,"href":"https:\/\/tvbrazilusa.com\/pt\/wp-json\/wp\/v2\/tags?post=114367"}],"curies":[{"name":"wp","href":"https:\/\/api.w.org\/{rel}","templated":true}]}}