{"id":114379,"date":"2025-03-27T16:56:31","date_gmt":"2025-03-27T16:56:31","guid":{"rendered":"https:\/\/tvbrazilusa.com\/2025\/03\/27\/crianca-pula-cerca-invade-gramado-da-casa-branca-e-e-retirado-por-agentes-do-servico-secreto-veja-video\/"},"modified":"2025-03-27T16:56:36","modified_gmt":"2025-03-27T16:56:36","slug":"crianca-pula-cerca-invade-gramado-da-casa-branca-e-e-retirado-por-agentes-do-servico-secreto-veja-video","status":"publish","type":"post","link":"https:\/\/tvbrazilusa.com\/pt\/2025\/03\/27\/crianca-pula-cerca-invade-gramado-da-casa-branca-e-e-retirado-por-agentes-do-servico-secreto-veja-video\/","title":{"rendered":"Crian\u00e7a pula cerca, invade gramado da casa branca e \u00e9 retirado por agentes do servi\u00e7o secreto; VEJA V\u00cdDEO"},"content":{"rendered":"<p> <script async src=\"https:\/\/pagead2.googlesyndication.com\/pagead\/js\/adsbygoogle.js?client=ca-pub-8864793242727901\"\r\n     crossorigin=\"anonymous\"><\/script><br \/>\n<\/p>\n<div id=\"taboola-read-more\" style=\"display:block; width:100%\">\n<p>Agentes do Servi\u00e7o Secreto dos Estados Unidos retiraram um menino do gramado norte da Casa Branca na quarta-feira (26) de mar\u00e7o, ap\u00f3s ele passar por uma brecha na cerca.<\/p>\n<p>O incidente ocorreu por volta das 18h30, e os agentes rapidamente reuniram a crian\u00e7a com seus pais sem maiores problemas. A informa\u00e7\u00e3o foi confirmada por Anthony Guglielmi, chefe de comunica\u00e7\u00f5es do Servi\u00e7o Secreto.\n<\/p>\n<p>ASSISTA:<\/p>\n<p>Fonte: Jovem Pan              <\/p>\n<\/div>\n<p><br \/>\n<br \/><a href=\"https:\/\/diariodobrasilnoticias.com.br\/noticia\/crianca-pula-cerca-invade-gramado-da-casa-branca-e-e-retirado-por-agentes-do-servico-secreto-veja-video-67e55e70d9959\">Source link <\/a><\/p>","protected":false},"excerpt":{"rendered":"<p>Agentes do Servi\u00e7o Secreto dos Estados Unidos retiraram um menino do gramado norte da Casa Branca na quarta-feira (26) de mar\u00e7o, ap\u00f3s ele passar por uma brecha na cerca. O&hellip;<\/p>","protected":false},"author":1,"featured_media":114380,"comment_status":"closed","ping_status":"open","sticky":false,"template":"","format":"standard","meta":{"content-type":"","footnotes":""},"categories":[16],"tags":[123,2448,5313,1267],"class_list":["post-114379","post","type-post","status-publish","format-standard","has-post-thumbnail","hentry","category-noticias","tag-brasil","tag-diario","tag-noticia","tag-noticias"],"_links":{"self":[{"href":"https:\/\/tvbrazilusa.com\/pt\/wp-json\/wp\/v2\/posts\/114379","targetHints":{"allow":["GET"]}}],"collection":[{"href":"https:\/\/tvbrazilusa.com\/pt\/wp-json\/wp\/v2\/posts"}],"about":[{"href":"https:\/\/tvbrazilusa.com\/pt\/wp-json\/wp\/v2\/types\/post"}],"author":[{"embeddable":true,"href":"https:\/\/tvbrazilusa.com\/pt\/wp-json\/wp\/v2\/users\/1"}],"replies":[{"embeddable":true,"href":"https:\/\/tvbrazilusa.com\/pt\/wp-json\/wp\/v2\/comments?post=114379"}],"version-history":[{"count":1,"href":"https:\/\/tvbrazilusa.com\/pt\/wp-json\/wp\/v2\/posts\/114379\/revisions"}],"predecessor-version":[{"id":114381,"href":"https:\/\/tvbrazilusa.com\/pt\/wp-json\/wp\/v2\/posts\/114379\/revisions\/114381"}],"wp:featuredmedia":[{"embeddable":true,"href":"https:\/\/tvbrazilusa.com\/pt\/wp-json\/wp\/v2\/media\/114380"}],"wp:attachment":[{"href":"https:\/\/tvbrazilusa.com\/pt\/wp-json\/wp\/v2\/media?parent=114379"}],"wp:term":[{"taxonomy":"category","embeddable":true,"href":"https:\/\/tvbrazilusa.com\/pt\/wp-json\/wp\/v2\/categories?post=114379"},{"taxonomy":"post_tag","embeddable":true,"href":"https:\/\/tvbrazilusa.com\/pt\/wp-json\/wp\/v2\/tags?post=114379"}],"curies":[{"name":"wp","href":"https:\/\/api.w.org\/{rel}","templated":true}]}}