{"id":114385,"date":"2025-03-27T17:19:38","date_gmt":"2025-03-27T17:19:38","guid":{"rendered":"https:\/\/tvbrazilusa.com\/2025\/03\/27\/assinatura-do-termo-de-adesao-ao-projeto-de-uso-da-forca-e-camaras-corporais\/"},"modified":"2025-03-27T17:19:40","modified_gmt":"2025-03-27T17:19:40","slug":"assinatura-do-termo-de-adesao-ao-projeto-de-uso-da-forca-e-camaras-corporais","status":"publish","type":"post","link":"https:\/\/tvbrazilusa.com\/pt\/2025\/03\/27\/assinatura-do-termo-de-adesao-ao-projeto-de-uso-da-forca-e-camaras-corporais\/","title":{"rendered":"Assinatura do Termo de Ades\u00e3o ao projeto de Uso da For\u00e7a e C\u00e2maras Corporais"},"content":{"rendered":"<p> <script async src=\"https:\/\/pagead2.googlesyndication.com\/pagead\/js\/adsbygoogle.js?client=ca-pub-8864793242727901\"\r\n     crossorigin=\"anonymous\"><\/script><br \/>\n<\/p>\n<div id=\"taboola-read-more\" style=\"display:block; width:100%\">\n<p>O Minist\u00e9rio da Justi\u00e7a e Seguran\u00e7a P\u00fablica (MJSP) e o governo do Rio Grande do Norte assinam, na manh\u00e3 desta quinta-feira (27), \u00e0s 11h30, em Natal, dois termos de ades\u00e3o que impulsionar\u00e3o ainda mais as a\u00e7\u00f5es de seguran\u00e7a p\u00fablica em territ\u00f3rio potiguar.\n<\/p>\n<p>O primeiro trata do Uso da For\u00e7a Policial, cujo decreto regra e disciplina o uso da for\u00e7a em atividades policiais realizadas em todo o pa\u00eds. O segundo \u00e9 sobre C\u00e2meras Corporais. Neste momento, o RN receber\u00e1 cerca de 500 unidades.<\/p>\n<p>Participam do ato de assinatura dos termos de ades\u00e3o a governadora, professora F\u00e1tima Bezerra, e o Secret\u00e1rio Nacional da Seguran\u00e7a P\u00fablica, Mario Sarrubbo.\n<\/p>\n<p>Servi\u00e7o\n<\/p>\n<p>O que: Assinatura de Termos de Ades\u00e3o que tratam do Uso da For\u00e7a e C\u00e2meras Corporais <br \/>Quando: HOJE, dia 27\/03, \u00e0s 11h30<br \/>Onde: Quartel do Comando Geral da Pol\u00edcia Militar, na Av. Rodrigues Alves, Tirol\n<\/p>\n<p>N\u00fameros atualizados\n<\/p>\n<p>Assinatura do Termo de Ades\u00e3o das C\u00e2meras Corporais\n<\/p>\n<p>* Contrata\u00e7\u00e3o de 793 c\u00e2meras corporais <br \/>* Doa\u00e7\u00e3o de 7.120 espargidores de pimenta <br \/>* Doa\u00e7\u00e3o de 463 kits completos de taser<br \/>* Capacita\u00e7\u00e3o de 80 policiais<br \/>* Investimento total de R$ 14.067.367,64<\/p>\n<p>Fonte: SESED              <\/p>\n<\/div>\n<p><br \/>\n<br \/><a href=\"https:\/\/diariodobrasilnoticias.com.br\/noticia\/assinatura-do-termo-de-adesao-ao-projeto-de-uso-da-forca-e-camaras-corporais-67e5620f88ba2\">Source link <\/a><\/p>","protected":false},"excerpt":{"rendered":"<p>O Minist\u00e9rio da Justi\u00e7a e Seguran\u00e7a P\u00fablica (MJSP) e o governo do Rio Grande do Norte assinam, na manh\u00e3 desta quinta-feira (27), \u00e0s 11h30, em Natal, dois termos de ades\u00e3o&hellip;<\/p>","protected":false},"author":1,"featured_media":114386,"comment_status":"closed","ping_status":"open","sticky":false,"template":"","format":"standard","meta":{"content-type":"","footnotes":""},"categories":[16],"tags":[123,2448,5313,1267],"class_list":["post-114385","post","type-post","status-publish","format-standard","has-post-thumbnail","hentry","category-noticias","tag-brasil","tag-diario","tag-noticia","tag-noticias"],"_links":{"self":[{"href":"https:\/\/tvbrazilusa.com\/pt\/wp-json\/wp\/v2\/posts\/114385","targetHints":{"allow":["GET"]}}],"collection":[{"href":"https:\/\/tvbrazilusa.com\/pt\/wp-json\/wp\/v2\/posts"}],"about":[{"href":"https:\/\/tvbrazilusa.com\/pt\/wp-json\/wp\/v2\/types\/post"}],"author":[{"embeddable":true,"href":"https:\/\/tvbrazilusa.com\/pt\/wp-json\/wp\/v2\/users\/1"}],"replies":[{"embeddable":true,"href":"https:\/\/tvbrazilusa.com\/pt\/wp-json\/wp\/v2\/comments?post=114385"}],"version-history":[{"count":1,"href":"https:\/\/tvbrazilusa.com\/pt\/wp-json\/wp\/v2\/posts\/114385\/revisions"}],"predecessor-version":[{"id":114387,"href":"https:\/\/tvbrazilusa.com\/pt\/wp-json\/wp\/v2\/posts\/114385\/revisions\/114387"}],"wp:featuredmedia":[{"embeddable":true,"href":"https:\/\/tvbrazilusa.com\/pt\/wp-json\/wp\/v2\/media\/114386"}],"wp:attachment":[{"href":"https:\/\/tvbrazilusa.com\/pt\/wp-json\/wp\/v2\/media?parent=114385"}],"wp:term":[{"taxonomy":"category","embeddable":true,"href":"https:\/\/tvbrazilusa.com\/pt\/wp-json\/wp\/v2\/categories?post=114385"},{"taxonomy":"post_tag","embeddable":true,"href":"https:\/\/tvbrazilusa.com\/pt\/wp-json\/wp\/v2\/tags?post=114385"}],"curies":[{"name":"wp","href":"https:\/\/api.w.org\/{rel}","templated":true}]}}