{"id":114394,"date":"2025-03-27T17:47:55","date_gmt":"2025-03-27T17:47:55","guid":{"rendered":"https:\/\/tvbrazilusa.com\/2025\/03\/27\/jair-bolsonaro-quer-conversar-com-moraes-sobre-penas-do-8-1\/"},"modified":"2025-03-27T17:47:59","modified_gmt":"2025-03-27T17:47:59","slug":"jair-bolsonaro-quer-conversar-com-moraes-sobre-penas-do-8-1","status":"publish","type":"post","link":"https:\/\/tvbrazilusa.com\/pt\/2025\/03\/27\/jair-bolsonaro-quer-conversar-com-moraes-sobre-penas-do-8-1\/","title":{"rendered":"Jair Bolsonaro quer conversar com Moraes sobre penas do 8\/1"},"content":{"rendered":"<p> <script async src=\"https:\/\/pagead2.googlesyndication.com\/pagead\/js\/adsbygoogle.js?client=ca-pub-8864793242727901\"\r\n     crossorigin=\"anonymous\"><\/script><br \/>\n<\/p>\n<div id=\"taboola-read-more\" style=\"display:block; width:100%\">\n<p>O ex-presidente Jair Bolsonaro (PL) expressou o desejo de conversar publicamente com o ministro do Supremo Tribunal Federal (STF) Alexandre de Moraes a fim de pedir pela individualiza\u00e7\u00e3o das penas dos condenados pelo 8 de janeiro. O chefe do Executivo ressaltou que a conversa teria que ser \u201cao vivo\u201d, \u201cem canal aberto\u201d, para que tudo o que fosse dito ficasse registrado.\n<\/p>\n<p>\u2013 Eu gostaria muito de discutir, n\u00e3o sei se ele vai, talvez at\u00e9 me responda grosseiramente. Eu e o ministro Alexandre Moraes falarmos sobre esse assunto. N\u00e3o, n\u00e3o quero marcar [reuni\u00e3o]. Eu gostaria que isso acontecesse, mas n\u00e3o vou pedir, n\u00e3o \u2013 declarou o ex-chefe do Executivo.<\/p>\n<p>A fala aconteceu em coletiva de imprensa no Senado, ap\u00f3s a 1\u00aa Turma do STF (Supremo Tribunal Federal) aceitar, por decis\u00e3o un\u00e2nime, receber a den\u00fancia da Procuradoria-Geral da Rep\u00fablica (PGR) contra o l\u00edder conservador e outros sete aliados.\n<\/p>\n<p>Eles s\u00e3o acusados de aboli\u00e7\u00e3o violenta do Estado Democr\u00e1tico de Direito, golpe de Estado, organiza\u00e7\u00e3o criminosa armada, dano qualificado contra o patrim\u00f4nio da Uni\u00e3o e deteriora\u00e7\u00e3o de patrim\u00f4nio tombado. O processo pode resultar em uma pena de at\u00e9 43 anos de pris\u00e3o.\n<\/p>\n<p>Na lista de aliados de Bolsonaro que viraram r\u00e9us junto com ele est\u00e3o Walter Braga Netto (ex-ministro da Defesa e Casa Civil), Augusto Heleno (ex-ministro do GSI), Anderson Torres (ex-ministro da Justi\u00e7a), Paulo S\u00e9rgio Nogueira (ex-ministro da Defesa), Almir Garnier (ex-comandante da Marinha), Alexandre Ramagem (deputado e ex-diretor-geral da Abin) e Mauro Cid (ex-ajudante de ordens de Bolsonaro).\n<\/p>\n<p>Fonte: Pleno News              <\/p>\n<\/div>\n<p><br \/>\n<br \/><a href=\"https:\/\/diariodobrasilnoticias.com.br\/noticia\/jair-bolsonaro-quer-conversar-com-moraes-sobre-penas-do-8-1-67e5690e4977d\">Source link <\/a><\/p>","protected":false},"excerpt":{"rendered":"<p>O ex-presidente Jair Bolsonaro (PL) expressou o desejo de conversar publicamente com o ministro do Supremo Tribunal Federal (STF) Alexandre de Moraes a fim de pedir pela individualiza\u00e7\u00e3o das penas&hellip;<\/p>","protected":false},"author":1,"featured_media":114395,"comment_status":"closed","ping_status":"open","sticky":false,"template":"","format":"standard","meta":{"content-type":"","footnotes":""},"categories":[16],"tags":[123,2448,5313,1267],"class_list":["post-114394","post","type-post","status-publish","format-standard","has-post-thumbnail","hentry","category-noticias","tag-brasil","tag-diario","tag-noticia","tag-noticias"],"_links":{"self":[{"href":"https:\/\/tvbrazilusa.com\/pt\/wp-json\/wp\/v2\/posts\/114394","targetHints":{"allow":["GET"]}}],"collection":[{"href":"https:\/\/tvbrazilusa.com\/pt\/wp-json\/wp\/v2\/posts"}],"about":[{"href":"https:\/\/tvbrazilusa.com\/pt\/wp-json\/wp\/v2\/types\/post"}],"author":[{"embeddable":true,"href":"https:\/\/tvbrazilusa.com\/pt\/wp-json\/wp\/v2\/users\/1"}],"replies":[{"embeddable":true,"href":"https:\/\/tvbrazilusa.com\/pt\/wp-json\/wp\/v2\/comments?post=114394"}],"version-history":[{"count":1,"href":"https:\/\/tvbrazilusa.com\/pt\/wp-json\/wp\/v2\/posts\/114394\/revisions"}],"predecessor-version":[{"id":114396,"href":"https:\/\/tvbrazilusa.com\/pt\/wp-json\/wp\/v2\/posts\/114394\/revisions\/114396"}],"wp:featuredmedia":[{"embeddable":true,"href":"https:\/\/tvbrazilusa.com\/pt\/wp-json\/wp\/v2\/media\/114395"}],"wp:attachment":[{"href":"https:\/\/tvbrazilusa.com\/pt\/wp-json\/wp\/v2\/media?parent=114394"}],"wp:term":[{"taxonomy":"category","embeddable":true,"href":"https:\/\/tvbrazilusa.com\/pt\/wp-json\/wp\/v2\/categories?post=114394"},{"taxonomy":"post_tag","embeddable":true,"href":"https:\/\/tvbrazilusa.com\/pt\/wp-json\/wp\/v2\/tags?post=114394"}],"curies":[{"name":"wp","href":"https:\/\/api.w.org\/{rel}","templated":true}]}}