{"id":114403,"date":"2025-03-27T18:25:01","date_gmt":"2025-03-27T18:25:01","guid":{"rendered":"https:\/\/tvbrazilusa.com\/2025\/03\/27\/cinco-pessoas-ficam-feridas-em-ataque-a-faca-em-amsterda\/"},"modified":"2025-03-27T18:25:03","modified_gmt":"2025-03-27T18:25:03","slug":"cinco-pessoas-ficam-feridas-em-ataque-a-faca-em-amsterda","status":"publish","type":"post","link":"https:\/\/tvbrazilusa.com\/pt\/2025\/03\/27\/cinco-pessoas-ficam-feridas-em-ataque-a-faca-em-amsterda\/","title":{"rendered":"Cinco pessoas ficam feridas em ataque a faca em Amsterd\u00e3"},"content":{"rendered":"<p> <script async src=\"https:\/\/pagead2.googlesyndication.com\/pagead\/js\/adsbygoogle.js?client=ca-pub-8864793242727901\"\r\n     crossorigin=\"anonymous\"><\/script><br \/>\n<\/p>\n<div id=\"taboola-read-more\" style=\"display:block; width:100%\">\n<p>Cinco pessoas ficaram feridas em um esfaqueamento na rua Sint Nicolaasstraat, perto da pra\u00e7a central Dam, em Amsterd\u00e3, na Holanda, informou a pol\u00edcia holandesa nesta quinta-feira (27).<\/p>\n<p>Segundo comunicado nas redes sociais, o autor foi preso, mas ainda n\u00e3o h\u00e1 informa\u00e7\u00f5es sobre a motiva\u00e7\u00e3o do crime.<\/p>\n<p>&#8220;O motivo ainda n\u00e3o est\u00e1 claro, mas est\u00e1 sendo investigado. Se algu\u00e9m tiver tirado fotos do incidente, gostar\u00edamos muito de v\u00ea-las&#8221;, pede a pol\u00edcia de Amsterd\u00e3 em um post no X.<br \/>De acordo com a imprensa local, o ataque ocorreu por volta das 15h20 no hor\u00e1rio local. Imagens nas redes sociais mostram um helic\u00f3ptero de resgate pousando na pra\u00e7a para levar um dos feridos.<\/p>\n<p>Fonte: g1<\/p>\n<\/p><\/div>\n<p><br \/>\n<br \/><a href=\"https:\/\/diariodobrasilnoticias.com.br\/noticia\/cinco-pessoas-ficam-feridas-em-ataque-a-faca-em-amsterda-67e579cf4d6be\">Source link <\/a><\/p>","protected":false},"excerpt":{"rendered":"<p>Cinco pessoas ficaram feridas em um esfaqueamento na rua Sint Nicolaasstraat, perto da pra\u00e7a central Dam, em Amsterd\u00e3, na Holanda, informou a pol\u00edcia holandesa nesta quinta-feira (27). Segundo comunicado nas&hellip;<\/p>","protected":false},"author":1,"featured_media":114404,"comment_status":"closed","ping_status":"open","sticky":false,"template":"","format":"standard","meta":{"content-type":"","footnotes":""},"categories":[16],"tags":[123,2448,5313,1267],"class_list":["post-114403","post","type-post","status-publish","format-standard","has-post-thumbnail","hentry","category-noticias","tag-brasil","tag-diario","tag-noticia","tag-noticias"],"_links":{"self":[{"href":"https:\/\/tvbrazilusa.com\/pt\/wp-json\/wp\/v2\/posts\/114403","targetHints":{"allow":["GET"]}}],"collection":[{"href":"https:\/\/tvbrazilusa.com\/pt\/wp-json\/wp\/v2\/posts"}],"about":[{"href":"https:\/\/tvbrazilusa.com\/pt\/wp-json\/wp\/v2\/types\/post"}],"author":[{"embeddable":true,"href":"https:\/\/tvbrazilusa.com\/pt\/wp-json\/wp\/v2\/users\/1"}],"replies":[{"embeddable":true,"href":"https:\/\/tvbrazilusa.com\/pt\/wp-json\/wp\/v2\/comments?post=114403"}],"version-history":[{"count":1,"href":"https:\/\/tvbrazilusa.com\/pt\/wp-json\/wp\/v2\/posts\/114403\/revisions"}],"predecessor-version":[{"id":114405,"href":"https:\/\/tvbrazilusa.com\/pt\/wp-json\/wp\/v2\/posts\/114403\/revisions\/114405"}],"wp:featuredmedia":[{"embeddable":true,"href":"https:\/\/tvbrazilusa.com\/pt\/wp-json\/wp\/v2\/media\/114404"}],"wp:attachment":[{"href":"https:\/\/tvbrazilusa.com\/pt\/wp-json\/wp\/v2\/media?parent=114403"}],"wp:term":[{"taxonomy":"category","embeddable":true,"href":"https:\/\/tvbrazilusa.com\/pt\/wp-json\/wp\/v2\/categories?post=114403"},{"taxonomy":"post_tag","embeddable":true,"href":"https:\/\/tvbrazilusa.com\/pt\/wp-json\/wp\/v2\/tags?post=114403"}],"curies":[{"name":"wp","href":"https:\/\/api.w.org\/{rel}","templated":true}]}}