{"id":114406,"date":"2025-03-27T18:38:05","date_gmt":"2025-03-27T18:38:05","guid":{"rendered":"https:\/\/tvbrazilusa.com\/2025\/03\/27\/brasileiro-deportado-causa-panico-ao-tentar-abrir-porta-de-aviao-em-pleno-voo\/"},"modified":"2025-03-27T18:38:10","modified_gmt":"2025-03-27T18:38:10","slug":"brasileiro-deportado-causa-panico-ao-tentar-abrir-porta-de-aviao-em-pleno-voo","status":"publish","type":"post","link":"https:\/\/tvbrazilusa.com\/pt\/2025\/03\/27\/brasileiro-deportado-causa-panico-ao-tentar-abrir-porta-de-aviao-em-pleno-voo\/","title":{"rendered":"Brasileiro deportado causa p\u00e2nico ao tentar abrir porta de avi\u00e3o em pleno voo"},"content":{"rendered":"<p> <script async src=\"https:\/\/pagead2.googlesyndication.com\/pagead\/js\/adsbygoogle.js?client=ca-pub-8864793242727901\"\r\n     crossorigin=\"anonymous\"><\/script><br \/>\n<\/p>\n<div id=\"taboola-read-more\" style=\"display:block; width:100%\">\n<p>Um brasileiro foi preso pela Pol\u00edcia Federal (PF) na noite dessa quarta-feira (26\/3), no Aeroporto Internacional de S\u00e3o Paulo, em Guarulhos, ap\u00f3s protagonizar ato que poderia ter terminado em trag\u00e9dia: ele tentou abrir a porta de uma aeronave em pleno voo.<\/p>\n<p>O caso ocorreu durante voo vindo de Paris, na Fran\u00e7a, de onde o homem havia sido deportado ap\u00f3s ter sua entrada negada no pa\u00eds europeu. Horas ap\u00f3s a decolagem, ele causou tumulto e precisou ser contido pela tripula\u00e7\u00e3o com a ajuda de passageiros, depois de tentar abrir uma das portas da aeronave. O comandante acionou a Pol\u00edcia Federal, que efetuou a pris\u00e3o do passageiro no desembarque.<\/p>\n<p>Segundo a PF, ele foi algemado ao assento durante o restante do voo e responde agora por atentado contra a seguran\u00e7a de transporte a\u00e9reo, crime cuja pena pode ultrapassar 12 anos de reclus\u00e3o.<\/p>\n<p>A pris\u00e3o fez parte de uma s\u00e9rie de a\u00e7\u00f5es realizadas pela Pol\u00edcia Federal no aeroporto de Guarulhos, no mesmo dia. Outras tr\u00eas pessoas foram detidas em opera\u00e7\u00f5es distintas por tr\u00e1fico internacional de drogas e falsifica\u00e7\u00e3o de documentos.<\/p>\n<p>Em uma das abordagens, um brasileiro de 20 anos, com destino \u00e0 Fran\u00e7a, foi flagrado com mais de um quilo de coca\u00edna preso \u00e0s coxas. J\u00e1 um sueco, de 63 anos, que tentava embarcar para Portugal com conex\u00e3o para a Fran\u00e7a, levava mais de 7 quilos da droga escondidos em embalagens de len\u00e7\u00f3is e bolsas.<\/p>\n<p>Outro caso envolveu um cidad\u00e3o da Rep\u00fablica Dominicana, que foi preso ao apresentar passaporte peruano falso na tentativa de embarcar para a Europa. Segundo a PF, ele j\u00e1 havia tentado entrar na It\u00e1lia com o mesmo tipo de documento e sido barrado.<\/p>\n<p>Fonte: Metr\u00f3poles<\/p>\n<\/p><\/div>\n<p><br \/>\n<br \/><a href=\"https:\/\/diariodobrasilnoticias.com.br\/noticia\/brasileiro-deportado-causa-panico-ao-tentar-abrir-porta-de-aviao-em-pleno-voo-67e5773c6de72\">Source link <\/a><\/p>","protected":false},"excerpt":{"rendered":"<p>Um brasileiro foi preso pela Pol\u00edcia Federal (PF) na noite dessa quarta-feira (26\/3), no Aeroporto Internacional de S\u00e3o Paulo, em Guarulhos, ap\u00f3s protagonizar ato que poderia ter terminado em trag\u00e9dia:&hellip;<\/p>","protected":false},"author":1,"featured_media":114407,"comment_status":"closed","ping_status":"open","sticky":false,"template":"","format":"standard","meta":{"content-type":"","footnotes":""},"categories":[16],"tags":[123,2448,5313,1267],"class_list":["post-114406","post","type-post","status-publish","format-standard","has-post-thumbnail","hentry","category-noticias","tag-brasil","tag-diario","tag-noticia","tag-noticias"],"_links":{"self":[{"href":"https:\/\/tvbrazilusa.com\/pt\/wp-json\/wp\/v2\/posts\/114406","targetHints":{"allow":["GET"]}}],"collection":[{"href":"https:\/\/tvbrazilusa.com\/pt\/wp-json\/wp\/v2\/posts"}],"about":[{"href":"https:\/\/tvbrazilusa.com\/pt\/wp-json\/wp\/v2\/types\/post"}],"author":[{"embeddable":true,"href":"https:\/\/tvbrazilusa.com\/pt\/wp-json\/wp\/v2\/users\/1"}],"replies":[{"embeddable":true,"href":"https:\/\/tvbrazilusa.com\/pt\/wp-json\/wp\/v2\/comments?post=114406"}],"version-history":[{"count":1,"href":"https:\/\/tvbrazilusa.com\/pt\/wp-json\/wp\/v2\/posts\/114406\/revisions"}],"predecessor-version":[{"id":114408,"href":"https:\/\/tvbrazilusa.com\/pt\/wp-json\/wp\/v2\/posts\/114406\/revisions\/114408"}],"wp:featuredmedia":[{"embeddable":true,"href":"https:\/\/tvbrazilusa.com\/pt\/wp-json\/wp\/v2\/media\/114407"}],"wp:attachment":[{"href":"https:\/\/tvbrazilusa.com\/pt\/wp-json\/wp\/v2\/media?parent=114406"}],"wp:term":[{"taxonomy":"category","embeddable":true,"href":"https:\/\/tvbrazilusa.com\/pt\/wp-json\/wp\/v2\/categories?post=114406"},{"taxonomy":"post_tag","embeddable":true,"href":"https:\/\/tvbrazilusa.com\/pt\/wp-json\/wp\/v2\/tags?post=114406"}],"curies":[{"name":"wp","href":"https:\/\/api.w.org\/{rel}","templated":true}]}}