{"id":114409,"date":"2025-03-27T18:53:47","date_gmt":"2025-03-27T18:53:47","guid":{"rendered":"https:\/\/tvbrazilusa.com\/2025\/03\/27\/delcidio-do-amaral-busca-indenizacao-apos-ser-alvo-da-lava-jato\/"},"modified":"2025-03-27T18:53:48","modified_gmt":"2025-03-27T18:53:48","slug":"delcidio-do-amaral-busca-indenizacao-apos-ser-alvo-da-lava-jato","status":"publish","type":"post","link":"https:\/\/tvbrazilusa.com\/pt\/2025\/03\/27\/delcidio-do-amaral-busca-indenizacao-apos-ser-alvo-da-lava-jato\/","title":{"rendered":"Delc\u00eddio do Amaral busca indeniza\u00e7\u00e3o ap\u00f3s ser alvo da Lava Jato"},"content":{"rendered":"<p> <script async src=\"https:\/\/pagead2.googlesyndication.com\/pagead\/js\/adsbygoogle.js?client=ca-pub-8864793242727901\"\r\n     crossorigin=\"anonymous\"><\/script><br \/>\n<\/p>\n<div id=\"taboola-read-more\" style=\"display:block; width:100%\">\n<p>O ex-senador Delc\u00eddio do Amaral \u2014 na \u00e9poca filiado ao PT e l\u00edder de Dilma Rousseff no Senado \u2014 busca uma indeniza\u00e7\u00e3o do governo federal por sua condena\u00e7\u00e3o na Opera\u00e7\u00e3o Lava Jato. Em novembro de 2015, a Pol\u00edcia Federal o prendeu sob a acusa\u00e7\u00e3o de tentar obstruir as investiga\u00e7\u00f5es. O portal UOL divulgou as informa\u00e7\u00f5es nesta quarta-feira, 27.\n<\/p>\n<p>Teori Zavascki, ent\u00e3o ministro do Supremo Tribunal Federal (STF), autorizou a pris\u00e3o de Delc\u00eddio. Depois de 80 dias de deten\u00e7\u00e3o, a Casa Alta cassou o seu mandato parlamentar com 74 votos favor\u00e1veis, nenhum contr\u00e1rio e apenas uma absten\u00e7\u00e3o.<\/p>\n<p>Nesse contexto, o ent\u00e3o senador aceitou um acordo de colabora\u00e7\u00e3o premiada com o Minist\u00e9rio P\u00fablico Federal, que lhe imp\u00f4s uma multa de R$ 1,5 milh\u00e3o. Contudo, em setembro de 2024, a 2\u00aa Turma do STF suspendeu o pagamento e ele foi absolvido pela Justi\u00e7a Federal.\n<\/p>\n<p>\u201cSofri por oito anos e fui inocentado em 15 minutos\u201d, disse Delc\u00eddio. Ele explicou que, caso consiga a indeniza\u00e7\u00e3o, o dinheiro n\u00e3o seria \u201cpara comprar im\u00f3vel\u201d, mas \u201cpara compensar com alegria tudo o que passei\u201d.\n<\/p>\n<p>Delc\u00eddio diz que n\u00e3o se arrepende de suas acusa\u00e7\u00f5es contra Dilma Rousseff<br \/>Ao portal, Delc\u00eddio do Amaral afirmou n\u00e3o se arrepender das acusa\u00e7\u00f5es que fez contra a ent\u00e3o presidente Dilma Rousseff. Ele tamb\u00e9m revelou estar escrevendo um livro sobre o per\u00edodo em que foi l\u00edder do governo no Senado e sobre sua atua\u00e7\u00e3o como presidente da CPI dos Correios, em 2005, no \u00e2mbito do mensal\u00e3o.\n<\/p>\n<p>\u201cFui abandonado e executado\u201d, disse o ex-senador ao UOL. \u201cMe largaram na banguela. A leitura foi: \u2018Vai Delc\u00eddio, ficamos n\u00f3s\u2019. Me jogaram aos le\u00f5es.\u201d\n<\/p>\n<p>Ele informa que o livro vai apresentar a tese de que havia um grupo minorit\u00e1rio dentro do Partido dos Trabalhadores (PT) interessado na Lava Jato para assumir o comando da sigla.\n<\/p>\n<p>\u201cN\u00e3o era um grupo majorit\u00e1rio, era o grupo do governo Dilma Rousseff: Jos\u00e9 Eduardo Cardozo e Aloizio Mercadante\u201d, relata Delc\u00eddio. \u201cEles queriam assumir o PT.\u201d\n<\/p>\n<p>Aos 70 anos, Delc\u00eddio tem um hist\u00f3rico de atua\u00e7\u00e3o em v\u00e1rias frentes pol\u00edticas. Antes de Dilma Rousseff o escolher como l\u00edder do governo no Congresso Nacional, em 2015, ele atuou como ministro de Minas e Energia na gest\u00e3o do ex-presidente Itamar Franco.<\/p>\n<p>Fonte: Revista Oeste              <\/p>\n<\/div>\n<p><br \/>\n<br \/><a href=\"https:\/\/diariodobrasilnoticias.com.br\/noticia\/delcidio-do-amaral-busca-indenizacao-apos-ser-alvo-da-lava-jato-67e57b10054f9\">Source link <\/a><\/p>","protected":false},"excerpt":{"rendered":"<p>O ex-senador Delc\u00eddio do Amaral \u2014 na \u00e9poca filiado ao PT e l\u00edder de Dilma Rousseff no Senado \u2014 busca uma indeniza\u00e7\u00e3o do governo federal por sua condena\u00e7\u00e3o na Opera\u00e7\u00e3o&hellip;<\/p>","protected":false},"author":1,"featured_media":114410,"comment_status":"closed","ping_status":"open","sticky":false,"template":"","format":"standard","meta":{"content-type":"","footnotes":""},"categories":[16],"tags":[123,2448,5313,1267],"class_list":["post-114409","post","type-post","status-publish","format-standard","has-post-thumbnail","hentry","category-noticias","tag-brasil","tag-diario","tag-noticia","tag-noticias"],"_links":{"self":[{"href":"https:\/\/tvbrazilusa.com\/pt\/wp-json\/wp\/v2\/posts\/114409","targetHints":{"allow":["GET"]}}],"collection":[{"href":"https:\/\/tvbrazilusa.com\/pt\/wp-json\/wp\/v2\/posts"}],"about":[{"href":"https:\/\/tvbrazilusa.com\/pt\/wp-json\/wp\/v2\/types\/post"}],"author":[{"embeddable":true,"href":"https:\/\/tvbrazilusa.com\/pt\/wp-json\/wp\/v2\/users\/1"}],"replies":[{"embeddable":true,"href":"https:\/\/tvbrazilusa.com\/pt\/wp-json\/wp\/v2\/comments?post=114409"}],"version-history":[{"count":1,"href":"https:\/\/tvbrazilusa.com\/pt\/wp-json\/wp\/v2\/posts\/114409\/revisions"}],"predecessor-version":[{"id":114411,"href":"https:\/\/tvbrazilusa.com\/pt\/wp-json\/wp\/v2\/posts\/114409\/revisions\/114411"}],"wp:featuredmedia":[{"embeddable":true,"href":"https:\/\/tvbrazilusa.com\/pt\/wp-json\/wp\/v2\/media\/114410"}],"wp:attachment":[{"href":"https:\/\/tvbrazilusa.com\/pt\/wp-json\/wp\/v2\/media?parent=114409"}],"wp:term":[{"taxonomy":"category","embeddable":true,"href":"https:\/\/tvbrazilusa.com\/pt\/wp-json\/wp\/v2\/categories?post=114409"},{"taxonomy":"post_tag","embeddable":true,"href":"https:\/\/tvbrazilusa.com\/pt\/wp-json\/wp\/v2\/tags?post=114409"}],"curies":[{"name":"wp","href":"https:\/\/api.w.org\/{rel}","templated":true}]}}