{"id":114421,"date":"2025-03-27T19:45:04","date_gmt":"2025-03-27T19:45:04","guid":{"rendered":"https:\/\/tvbrazilusa.com\/2025\/03\/27\/defensora-publica-falece-apos-complicacoes-em-procedimento-ginecologico-mp-apura-o-caso\/"},"modified":"2025-03-27T19:45:06","modified_gmt":"2025-03-27T19:45:06","slug":"defensora-publica-falece-apos-complicacoes-em-procedimento-ginecologico-mp-apura-o-caso","status":"publish","type":"post","link":"https:\/\/tvbrazilusa.com\/pt\/2025\/03\/27\/defensora-publica-falece-apos-complicacoes-em-procedimento-ginecologico-mp-apura-o-caso\/","title":{"rendered":"Defensora p\u00fablica falece ap\u00f3s complica\u00e7\u00f5es em procedimento ginecol\u00f3gico; MP apura o caso"},"content":{"rendered":"<p> <script async src=\"https:\/\/pagead2.googlesyndication.com\/pagead\/js\/adsbygoogle.js?client=ca-pub-8864793242727901\"\r\n     crossorigin=\"anonymous\"><\/script><br \/>\n<\/p>\n<div id=\"taboola-read-more\" style=\"display:block; width:100%\">\n<p>A defensora p\u00fablica Geana Aline de Souza, de 39 anos, morreu na noite de ter\u00e7a-feira, 25, em Boa Vista, ap\u00f3s sofrer uma infec\u00e7\u00e3o generalizada decorrente de um procedimento para inser\u00e7\u00e3o de um dispositivo intrauterino (DIU), realizado na semana anterior. O caso gerou como\u00e7\u00e3o e levou o Minist\u00e9rio P\u00fablico de Roraima (MPRR) a abrir uma investiga\u00e7\u00e3o para apurar as circunst\u00e2ncias da morte.\n<\/p>\n<p>De acordo com familiares, Geana come\u00e7ou a sentir dores logo ap\u00f3s o procedimento. Na ter\u00e7a-feira, deu entrada no hospital em estado grave, passou por uma cirurgia de emerg\u00eancia, mas sofreu uma parada card\u00edaca e n\u00e3o resistiu, conforme a Folha BV.<\/p>\n<p>A Defensoria P\u00fablica de Roraima lamentou a perda da profissional em nota oficial, destacando seu compromisso com a justi\u00e7a e a defesa dos mais vulner\u00e1veis. Geana ingressou na Defensoria em 2017 e, al\u00e9m de atuar na Execu\u00e7\u00e3o Penal, presidia a Associa\u00e7\u00e3o das Defensoras e Defensores P\u00fablicos de Roraima (Adper).\n<\/p>\n<p>A m\u00e9dica respons\u00e1vel pelo atendimento, Mayra Suzane, negou qualquer rela\u00e7\u00e3o entre os procedimentos m\u00e9dicos realizados por ela e o \u00f3bito. Em nota, sua defesa afirmou que &#8220;a profissional prestou toda a assist\u00eancia necess\u00e1ria, conforme ser\u00e1 devidamente comprovado no momento oportuno&#8221;.\n<\/p>\n<p>Apesar de atuar na \u00e1rea, a m\u00e9dica n\u00e3o possui registro de especialidade em ginecologia e obstetr\u00edcia no Conselho Regional de Medicina (CRM). O MPRR, por meio da Promotoria de Justi\u00e7a de Defesa da Sa\u00fade, investiga se houve erro m\u00e9dico ou falha no atendimento hospitalar.\n<\/p>\n<p>Fonte: Reda\u00e7\u00e3o Terra              <\/p>\n<\/div>\n<p><br \/>\n<br \/><a href=\"https:\/\/diariodobrasilnoticias.com.br\/noticia\/defensora-publica-falece-apos-complicacoes-em-procedimento-ginecologico-mp-apura-o-caso-67e5911d148cd\">Source link <\/a><\/p>","protected":false},"excerpt":{"rendered":"<p>A defensora p\u00fablica Geana Aline de Souza, de 39 anos, morreu na noite de ter\u00e7a-feira, 25, em Boa Vista, ap\u00f3s sofrer uma infec\u00e7\u00e3o generalizada decorrente de um procedimento para inser\u00e7\u00e3o&hellip;<\/p>","protected":false},"author":1,"featured_media":114422,"comment_status":"closed","ping_status":"open","sticky":false,"template":"","format":"standard","meta":{"content-type":"","footnotes":""},"categories":[16],"tags":[123,2448,5313,1267],"class_list":["post-114421","post","type-post","status-publish","format-standard","has-post-thumbnail","hentry","category-noticias","tag-brasil","tag-diario","tag-noticia","tag-noticias"],"_links":{"self":[{"href":"https:\/\/tvbrazilusa.com\/pt\/wp-json\/wp\/v2\/posts\/114421","targetHints":{"allow":["GET"]}}],"collection":[{"href":"https:\/\/tvbrazilusa.com\/pt\/wp-json\/wp\/v2\/posts"}],"about":[{"href":"https:\/\/tvbrazilusa.com\/pt\/wp-json\/wp\/v2\/types\/post"}],"author":[{"embeddable":true,"href":"https:\/\/tvbrazilusa.com\/pt\/wp-json\/wp\/v2\/users\/1"}],"replies":[{"embeddable":true,"href":"https:\/\/tvbrazilusa.com\/pt\/wp-json\/wp\/v2\/comments?post=114421"}],"version-history":[{"count":1,"href":"https:\/\/tvbrazilusa.com\/pt\/wp-json\/wp\/v2\/posts\/114421\/revisions"}],"predecessor-version":[{"id":114423,"href":"https:\/\/tvbrazilusa.com\/pt\/wp-json\/wp\/v2\/posts\/114421\/revisions\/114423"}],"wp:featuredmedia":[{"embeddable":true,"href":"https:\/\/tvbrazilusa.com\/pt\/wp-json\/wp\/v2\/media\/114422"}],"wp:attachment":[{"href":"https:\/\/tvbrazilusa.com\/pt\/wp-json\/wp\/v2\/media?parent=114421"}],"wp:term":[{"taxonomy":"category","embeddable":true,"href":"https:\/\/tvbrazilusa.com\/pt\/wp-json\/wp\/v2\/categories?post=114421"},{"taxonomy":"post_tag","embeddable":true,"href":"https:\/\/tvbrazilusa.com\/pt\/wp-json\/wp\/v2\/tags?post=114421"}],"curies":[{"name":"wp","href":"https:\/\/api.w.org\/{rel}","templated":true}]}}