{"id":114433,"date":"2025-03-27T20:13:02","date_gmt":"2025-03-27T20:13:02","guid":{"rendered":"https:\/\/tvbrazilusa.com\/2025\/03\/27\/preparados-para-o-pior-uniao-europeia-recomenda-que-familias-montem-kits-de-sobrevivencia\/"},"modified":"2025-03-27T20:13:03","modified_gmt":"2025-03-27T20:13:03","slug":"preparados-para-o-pior-uniao-europeia-recomenda-que-familias-montem-kits-de-sobrevivencia","status":"publish","type":"post","link":"https:\/\/tvbrazilusa.com\/pt\/2025\/03\/27\/preparados-para-o-pior-uniao-europeia-recomenda-que-familias-montem-kits-de-sobrevivencia\/","title":{"rendered":"Preparados para o pior? Uni\u00e3o Europeia recomenda que fam\u00edlias montem kits de sobreviv\u00eancia"},"content":{"rendered":"<p> <script async src=\"https:\/\/pagead2.googlesyndication.com\/pagead\/js\/adsbygoogle.js?client=ca-pub-8864793242727901\"\r\n     crossorigin=\"anonymous\"><\/script><br \/>\n<\/p>\n<div id=\"taboola-read-more\" style=\"display:block; width:100%\">\n<p>A Comiss\u00e3o Europeia apresentou, nessa quarta-feira (27\/3), um plano estrat\u00e9gico de prepara\u00e7\u00e3o, denominado Estrat\u00e9gia de Prepara\u00e7\u00e3o da Uni\u00e3o Europeia, aconselhando os cidad\u00e3os a estocar alimentos, \u00e1gua e itens essenciais suficientes para 72 horas, com o objetivo de aumentar a prepara\u00e7\u00e3o para inunda\u00e7\u00f5es, inc\u00eandios catastr\u00f3ficos, pandemias e ataques militares.\n<\/p>\n<p>A comiss\u00e3o afirmou que quer encorajar os cidad\u00e3os a tomarem \u201cmedidas proativas para se prepararem para crises, como desenvolver planos de emerg\u00eancia dom\u00e9sticos e estocar suprimentos essenciais\u201d, segundo o jornal The Guardian.<\/p>\n<p>A comiss\u00e1ria europeia Hadja Lahbib disse, na rede social X, que \u201c72 horas de autossufici\u00eancia \u00e9 o que\u201d recomenda. O plano estrat\u00e9gico \u00e9 para prepara\u00e7\u00e3o e gest\u00e3o de crises.\n<\/p>\n<p>Em um v\u00eddeo, a comiss\u00e1ria mostra uma bolsa de emerg\u00eancia, apontando os itens que os cidad\u00e3os devem estocar em casos de emerg\u00eancia.\u00a0\n<\/p>\n<p>No v\u00eddeo, Hadja Lahbib mostra documentos, \u00f3culos, lanternas, isqueiro, \u00e1gua e canivetes, entre outros itens.\n<\/p>\n<p>\u201cIsso acontece no momento em que a Uni\u00e3o Europeia enfrenta crises e desafios cada vez mais complexos que n\u00e3o podem ser ignorados. De crescentes tens\u00f5es e conflitos geopol\u00edticos, amea\u00e7as h\u00edbridas e de seguran\u00e7a cibern\u00e9tica, manipula\u00e7\u00e3o e interfer\u00eancia de informa\u00e7\u00f5es estrangeiras, at\u00e9 mudan\u00e7as clim\u00e1ticas e crescentes desastres naturais [\u2026]\u201d, diz o documento.\n<\/p>\n<p>O documento tamb\u00e9m prop\u00f5e que os pa\u00edses promovam cursos e exerc\u00edcios de emerg\u00eancia para civis, al\u00e9m de incluir o tema em escolas e campanhas p\u00fablicas. Veja mais sobre o projeto aqui.\n<\/p>\n<p><strong>Donald Trump<\/strong><br \/>O projeto ocorre em meio \u00e0 guerra tarif\u00e1ria entre os Estados Unidos e a Uni\u00e3o Europeia. Nesta quinta-feira (27\/3), o presidente dos EUA, Donald Trump, anunciou que, \u201cse a Uni\u00e3o Europeia trabalhar com o Canad\u00e1 para causar danos econ\u00f4micos aos EUA, aplicar\u00e1 tarifas em larga escala, muito maiores do que as planejadas atualmente\u201d. A declara\u00e7\u00e3o foi feita na rede Truth Social.\n<\/p>\n<p>Fonte: Metr\u00f3poles              <\/p>\n<\/div>\n<p><br \/>\n<br \/><a href=\"https:\/\/diariodobrasilnoticias.com.br\/noticia\/preparados-para-o-pior-uniao-europeia-recomenda-que-familias-montem-kits-de-sobrevivencia-67e59251a9451\">Source link <\/a><\/p>","protected":false},"excerpt":{"rendered":"<p>A Comiss\u00e3o Europeia apresentou, nessa quarta-feira (27\/3), um plano estrat\u00e9gico de prepara\u00e7\u00e3o, denominado Estrat\u00e9gia de Prepara\u00e7\u00e3o da Uni\u00e3o Europeia, aconselhando os cidad\u00e3os a estocar alimentos, \u00e1gua e itens essenciais suficientes&hellip;<\/p>","protected":false},"author":1,"featured_media":114434,"comment_status":"closed","ping_status":"open","sticky":false,"template":"","format":"standard","meta":{"content-type":"","footnotes":""},"categories":[16],"tags":[123,2448,5313,1267],"class_list":["post-114433","post","type-post","status-publish","format-standard","has-post-thumbnail","hentry","category-noticias","tag-brasil","tag-diario","tag-noticia","tag-noticias"],"_links":{"self":[{"href":"https:\/\/tvbrazilusa.com\/pt\/wp-json\/wp\/v2\/posts\/114433","targetHints":{"allow":["GET"]}}],"collection":[{"href":"https:\/\/tvbrazilusa.com\/pt\/wp-json\/wp\/v2\/posts"}],"about":[{"href":"https:\/\/tvbrazilusa.com\/pt\/wp-json\/wp\/v2\/types\/post"}],"author":[{"embeddable":true,"href":"https:\/\/tvbrazilusa.com\/pt\/wp-json\/wp\/v2\/users\/1"}],"replies":[{"embeddable":true,"href":"https:\/\/tvbrazilusa.com\/pt\/wp-json\/wp\/v2\/comments?post=114433"}],"version-history":[{"count":1,"href":"https:\/\/tvbrazilusa.com\/pt\/wp-json\/wp\/v2\/posts\/114433\/revisions"}],"predecessor-version":[{"id":114435,"href":"https:\/\/tvbrazilusa.com\/pt\/wp-json\/wp\/v2\/posts\/114433\/revisions\/114435"}],"wp:featuredmedia":[{"embeddable":true,"href":"https:\/\/tvbrazilusa.com\/pt\/wp-json\/wp\/v2\/media\/114434"}],"wp:attachment":[{"href":"https:\/\/tvbrazilusa.com\/pt\/wp-json\/wp\/v2\/media?parent=114433"}],"wp:term":[{"taxonomy":"category","embeddable":true,"href":"https:\/\/tvbrazilusa.com\/pt\/wp-json\/wp\/v2\/categories?post=114433"},{"taxonomy":"post_tag","embeddable":true,"href":"https:\/\/tvbrazilusa.com\/pt\/wp-json\/wp\/v2\/tags?post=114433"}],"curies":[{"name":"wp","href":"https:\/\/api.w.org\/{rel}","templated":true}]}}