{"id":114436,"date":"2025-03-27T20:10:24","date_gmt":"2025-03-27T20:10:24","guid":{"rendered":"https:\/\/tvbrazilusa.com\/2025\/03\/27\/as-autoridades-estaduais-alertam-os-cortes-de-saude-terao-impacto-drastico\/"},"modified":"2025-03-27T20:19:34","modified_gmt":"2025-03-27T20:19:34","slug":"as-autoridades-estaduais-alertam-os-cortes-de-saude-terao-impacto-drastico","status":"publish","type":"post","link":"https:\/\/tvbrazilusa.com\/pt\/2025\/03\/27\/as-autoridades-estaduais-alertam-os-cortes-de-saude-terao-impacto-drastico\/","title":{"rendered":"As autoridades estaduais alertam os cortes de sa\u00fade ter\u00e3o impacto dr\u00e1stico"},"content":{"rendered":"<script async src=\"https:\/\/pagead2.googlesyndication.com\/pagead\/js\/adsbygoogle.js?client=ca-pub-8864793242727901\"\r\n     crossorigin=\"anonymous\"><\/script>\n<p>HARTFORD, Connecticut (WTNH) &#8211; As autoridades estaduais est\u00e3o sofrendo mais de US $ 150 milh\u00f5es em financiamento federal perdido para o Departamento de Sa\u00fade P\u00fablica de Connecticut.<\/p>\n<p>O Departamento de Sa\u00fade e Servi\u00e7os Humanos dos EUA anunciou que estava recuando mais de US $ 11 bilh\u00f5es em subs\u00eddios em todo o pa\u00eds.<\/p>\n<div class=\"nlp-ignore-block article-content rich-text\">\n<aside class=\"promo-link\">\n\t<a href=\"https:\/\/www.wtnh.com\/news\/connecticut\/hartford\/connecticut-attorney-general-vows-to-fight-150m-in-canceled-public-health-funding\/?ipid=promo-link-block1\" class=\"promo-link__link\"><\/p>\n<p>\t\tO Procurador Geral de Connecticut promete lutar com US $ 150 milh\u00f5es em financiamento cancelado em sa\u00fade p\u00fablica\t<\/a><br \/>\n<\/aside>\n<\/div>\n<p>O governador Ned Lamont e seu comiss\u00e1rio de sa\u00fade p\u00fablica, Dra. Manisha Juthani, disseram que esse pux\u00e3o do dinheiro do subs\u00eddio federal ter\u00e1 um impacto imediato e imediato nos moradores de Connecticut.<\/p>\n<p>&#8220;Essas implica\u00e7\u00f5es para a sa\u00fade p\u00fablica s\u00e3o reais, elas afetam todas as pessoas nesta sala e todos os dias&#8221;, disse Juthani. &#8220;Seja voc\u00ea, seus filhos, seus netos, seus pais, seus av\u00f3s.&#8221;<\/p>\n<p>Os republicanos estaduais disseram que est\u00e3o cansados \u200b\u200bde retancadeira federal, mas acusaram consistentemente os democratas de temer essencialmente que lham o escopo desses cortes.<\/p>\n<p>&#8220;Entendo que pode ou n\u00e3o haver cortes provenientes do governo federal&#8221;, disse o deputado estadual Vincent Candelora (R-86). \u201cEu ouvi esta manh\u00e3, a maior parte disso n\u00e3o vai acontecer at\u00e9 setembro, quando o Congresso se reunir para votar em uma resolu\u00e7\u00e3o. Ent\u00e3o, o fato \u00e9 que estamos, novamente, focando nas coisas que n\u00e3o temos controle. E, enquanto isso, Roma est\u00e1 queimando.&#8221;<\/p>\n<p>Candelora estava se referindo \u00e0 pr\u00f3pria situa\u00e7\u00e3o fiscal do estado, separada e al\u00e9m do que est\u00e1 acontecendo em Washington. Ele fez essas observa\u00e7\u00f5es em uma reuni\u00e3o realmente ardente de republicanos no Capit\u00f3lio, onde eles nivelaram algumas das cr\u00edticas mais duras contra o governador Lamont.<\/p>\n<p>Essa confer\u00eancia de imprensa republicana estava acontecendo ao mesmo tempo que o governador e suas principais autoridades de sa\u00fade estavam criticando o governo Trump.<\/p>\n<p><br \/>\n<br \/><a href=\"https:\/\/www.wtnh.com\/news\/connecticut\/state-officials-warn-health-cuts-will-have-drastic-impact\/\">Source link <\/a><\/p>","protected":false},"excerpt":{"rendered":"<p>HARTFORD, Connecticut (WTNH) &#8211; As autoridades estaduais est\u00e3o sofrendo mais de US $ 150 milh\u00f5es em financiamento federal perdido para o Departamento de Sa\u00fade P\u00fablica de Connecticut. O Departamento de&hellip;<\/p>","protected":false},"author":1,"featured_media":114437,"comment_status":"closed","ping_status":"open","sticky":false,"template":"","format":"standard","meta":{"content-type":"","footnotes":""},"categories":[1],"tags":[],"class_list":["post-114436","post","type-post","status-publish","format-standard","has-post-thumbnail","hentry","category-uncategorized"],"_links":{"self":[{"href":"https:\/\/tvbrazilusa.com\/pt\/wp-json\/wp\/v2\/posts\/114436","targetHints":{"allow":["GET"]}}],"collection":[{"href":"https:\/\/tvbrazilusa.com\/pt\/wp-json\/wp\/v2\/posts"}],"about":[{"href":"https:\/\/tvbrazilusa.com\/pt\/wp-json\/wp\/v2\/types\/post"}],"author":[{"embeddable":true,"href":"https:\/\/tvbrazilusa.com\/pt\/wp-json\/wp\/v2\/users\/1"}],"replies":[{"embeddable":true,"href":"https:\/\/tvbrazilusa.com\/pt\/wp-json\/wp\/v2\/comments?post=114436"}],"version-history":[{"count":1,"href":"https:\/\/tvbrazilusa.com\/pt\/wp-json\/wp\/v2\/posts\/114436\/revisions"}],"predecessor-version":[{"id":114438,"href":"https:\/\/tvbrazilusa.com\/pt\/wp-json\/wp\/v2\/posts\/114436\/revisions\/114438"}],"wp:featuredmedia":[{"embeddable":true,"href":"https:\/\/tvbrazilusa.com\/pt\/wp-json\/wp\/v2\/media\/114437"}],"wp:attachment":[{"href":"https:\/\/tvbrazilusa.com\/pt\/wp-json\/wp\/v2\/media?parent=114436"}],"wp:term":[{"taxonomy":"category","embeddable":true,"href":"https:\/\/tvbrazilusa.com\/pt\/wp-json\/wp\/v2\/categories?post=114436"},{"taxonomy":"post_tag","embeddable":true,"href":"https:\/\/tvbrazilusa.com\/pt\/wp-json\/wp\/v2\/tags?post=114436"}],"curies":[{"name":"wp","href":"https:\/\/api.w.org\/{rel}","templated":true}]}}