{"id":114451,"date":"2025-03-27T21:06:53","date_gmt":"2025-03-27T21:06:53","guid":{"rendered":"https:\/\/tvbrazilusa.com\/2025\/03\/27\/vilao-em-mania-de-voce-rodrigo-lombardi-nao-renova-contrato-e-deixara-globo-apos-20-anos\/"},"modified":"2025-03-27T21:06:55","modified_gmt":"2025-03-27T21:06:55","slug":"vilao-em-mania-de-voce-rodrigo-lombardi-nao-renova-contrato-e-deixara-globo-apos-20-anos","status":"publish","type":"post","link":"https:\/\/tvbrazilusa.com\/pt\/2025\/03\/27\/vilao-em-mania-de-voce-rodrigo-lombardi-nao-renova-contrato-e-deixara-globo-apos-20-anos\/","title":{"rendered":"Vil\u00e3o em &#8216;Mania de Voc\u00ea&#8217;, Rodrigo Lombardi n\u00e3o renova contrato e deixar\u00e1 Globo ap\u00f3s 20 anos"},"content":{"rendered":"<p> <script async src=\"https:\/\/pagead2.googlesyndication.com\/pagead\/js\/adsbygoogle.js?client=ca-pub-8864793242727901\"\r\n     crossorigin=\"anonymous\"><\/script><br \/>\n<\/p>\n<div id=\"taboola-read-more\" style=\"display:block; width:100%\">\n<p>O ator Rodrigo Lombardi deixar\u00e1 de ter contrato com a Globo. No ar como Molina, de &#8220;Mania de Voc\u00ea&#8221;, novela das nove que se encerra na sexta (28), Lombardi n\u00e3o renovar\u00e1 seu v\u00ednculo fixo, que terminar\u00e1 ao fim do primeiro semestre deste ano.\n<\/p>\n<p>Segundo apurou a coluna, Lombardi sabia da nova pol\u00edtica da empresa, de adotar mais acordos por obra com diversos atores e manter pouca gente em seu elenco. O ator teria encarado o fato com naturalidade.<\/p>\n<p>O fracasso de &#8220;Mania de Voc\u00ea&#8221; n\u00e3o influenciou na decis\u00e3o. Em setembro do ano passado, Lombardi j\u00e1 havia dado a entender que essa seria a sua \u00faltima produ\u00e7\u00e3o na emissora, em entrevista \u00e0 coluna de M\u00f4nica Bergamo na Folha,\n<\/p>\n<p>&#8220;Tenho contrato fixo at\u00e9 2025. A gente teve uma reuni\u00e3o h\u00e1 muito tempo e foi avisado pelo Ricardo Waddington [diretor de entretenimento da emissora at\u00e9 2023] que, ao final de todos os contratos, eles se acabariam. E vida que segue. Acho um movimento super natural&#8221;, disse, \u00e0 \u00e9poca.\n<\/p>\n<p>Lombardi entrou na Globo em 2005, ap\u00f3s fazer papeis menores em produ\u00e7\u00f5es de Record e SBT, como &#8220;Marisol&#8221; (2002) e &#8220;Metamorphosis&#8221; (2004).\n<\/p>\n<p>Seu primeiro trabalho na emissora foi em &#8220;Bang Bang&#8221;, trama fracassada das sete. Logo em seguida, fez &#8220;P\u00e9 na Jaca&#8221; (2006), onde se destacou e come\u00e7ou a trilhar um bom caminho na empresa.\n<\/p>\n<p>Seu primeiro grande papel, por\u00e9m, foi como Raj, indiano gal\u00e3 de &#8220;Caminho das \u00cdndias&#8221; (2009). Fez tramas como &#8220;Passione&#8221; (2010), &#8220;O Astro&#8221; (2011), &#8220;Salve Jorge&#8221; (2012), &#8220;Meu Pedacinho de Ch\u00e3o&#8221; (2014) e &#8220;Verdades Secretas&#8221; (2015).\n<\/p>\n<p>Um de seus trabalhos mais elogiados foi a s\u00e9rie &#8220;Carcereiros&#8221; (2017-2021). Ele atuou em outras novelas como &#8220;A For\u00e7a do Querer&#8221; (2017)&#8221; e &#8220;Travessia&#8221; (2022), e tamb\u00e9m foi jurado do The Masked Singer Brasil entre 2021 e 2022.\n<\/p>\n<p>Em &#8220;Mania de Voc\u00ea&#8221;, entrou na \u00faltima hora, ap\u00f3s Murilo Ben\u00edcio recusar o convite. O que era uma participa\u00e7\u00e3o inicial virou um retorno na reta final. A trama terminar\u00e1 como maior fracasso da hist\u00f3ria da Globo em audi\u00eancia, com apenas 21 pontos de m\u00e9dia na Grande S\u00e3o Paulo.\n<\/p>\n<p>Folha de S.Paulo              <\/p>\n<\/div>\n<p><br \/>\n<br \/><a href=\"https:\/\/diariodobrasilnoticias.com.br\/noticia\/vilao-em-mania-de-voce-rodrigo-lombardi-nao-renova-contrato-e-deixara-globo-apos-20-anos-67e5a3fd30883\">Source link <\/a><\/p>","protected":false},"excerpt":{"rendered":"<p>O ator Rodrigo Lombardi deixar\u00e1 de ter contrato com a Globo. No ar como Molina, de &#8220;Mania de Voc\u00ea&#8221;, novela das nove que se encerra na sexta (28), Lombardi n\u00e3o&hellip;<\/p>","protected":false},"author":1,"featured_media":114452,"comment_status":"closed","ping_status":"open","sticky":false,"template":"","format":"standard","meta":{"content-type":"","footnotes":""},"categories":[16],"tags":[123,2448,5313,1267],"class_list":["post-114451","post","type-post","status-publish","format-standard","has-post-thumbnail","hentry","category-noticias","tag-brasil","tag-diario","tag-noticia","tag-noticias"],"_links":{"self":[{"href":"https:\/\/tvbrazilusa.com\/pt\/wp-json\/wp\/v2\/posts\/114451","targetHints":{"allow":["GET"]}}],"collection":[{"href":"https:\/\/tvbrazilusa.com\/pt\/wp-json\/wp\/v2\/posts"}],"about":[{"href":"https:\/\/tvbrazilusa.com\/pt\/wp-json\/wp\/v2\/types\/post"}],"author":[{"embeddable":true,"href":"https:\/\/tvbrazilusa.com\/pt\/wp-json\/wp\/v2\/users\/1"}],"replies":[{"embeddable":true,"href":"https:\/\/tvbrazilusa.com\/pt\/wp-json\/wp\/v2\/comments?post=114451"}],"version-history":[{"count":1,"href":"https:\/\/tvbrazilusa.com\/pt\/wp-json\/wp\/v2\/posts\/114451\/revisions"}],"predecessor-version":[{"id":114453,"href":"https:\/\/tvbrazilusa.com\/pt\/wp-json\/wp\/v2\/posts\/114451\/revisions\/114453"}],"wp:featuredmedia":[{"embeddable":true,"href":"https:\/\/tvbrazilusa.com\/pt\/wp-json\/wp\/v2\/media\/114452"}],"wp:attachment":[{"href":"https:\/\/tvbrazilusa.com\/pt\/wp-json\/wp\/v2\/media?parent=114451"}],"wp:term":[{"taxonomy":"category","embeddable":true,"href":"https:\/\/tvbrazilusa.com\/pt\/wp-json\/wp\/v2\/categories?post=114451"},{"taxonomy":"post_tag","embeddable":true,"href":"https:\/\/tvbrazilusa.com\/pt\/wp-json\/wp\/v2\/tags?post=114451"}],"curies":[{"name":"wp","href":"https:\/\/api.w.org\/{rel}","templated":true}]}}