{"id":114457,"date":"2025-03-27T21:19:13","date_gmt":"2025-03-27T21:19:13","guid":{"rendered":"https:\/\/tvbrazilusa.com\/2025\/03\/27\/janja-em-paris-pede-menos-armas-e-mais-alimentos-para-o-mundo\/"},"modified":"2025-03-27T21:19:14","modified_gmt":"2025-03-27T21:19:14","slug":"janja-em-paris-pede-menos-armas-e-mais-alimentos-para-o-mundo","status":"publish","type":"post","link":"https:\/\/tvbrazilusa.com\/pt\/2025\/03\/27\/janja-em-paris-pede-menos-armas-e-mais-alimentos-para-o-mundo\/","title":{"rendered":"Janja, em Paris, pede &#8216;menos armas e mais alimentos&#8217; para o mundo"},"content":{"rendered":"<p> <script async src=\"https:\/\/pagead2.googlesyndication.com\/pagead\/js\/adsbygoogle.js?client=ca-pub-8864793242727901\"\r\n     crossorigin=\"anonymous\"><\/script><br \/>\n<\/p>\n<div id=\"taboola-read-more\" style=\"display:block; width:100%\">\n<p>Paris acolhe nesta quinta-feira (27\/3) e sexta-feira (28\/3) mais uma edi\u00e7\u00e3o da c\u00fapula Nutri\u00e7\u00e3o para o Crescimento (N4G), realizada desde 2013 nas cidades-sede de Jogos Ol\u00edmpicos. O governo brasileiro \u00e9 representado pela primeira-dama Janja Lula da Silva, enviada pelo presidente Lula para o evento.\n<\/p>\n<p>A c\u00fapula inclui governos, filantropias e o setor privado, e visa mobilizar recursos para o combate \u00e0 fome e a m\u00e1 nutri\u00e7\u00e3o no mundo, em especial nos pa\u00edses mais carentes. Janja discursou como convidada de honra na abertura dos pain\u00e9is, inaugurados pelo primeiro-ministro franc\u00eas, Fran\u00e7ois Bayrou.<\/p>\n<p>\u201cEu quero iniciar lembrando que, ao final deste evento, milhares de crian\u00e7as ter\u00e3o morrido ao redor do mundo por falta de alimentos, pela fome a m\u00e1 nutri\u00e7\u00e3o\u201d, disse Janja, ao lembrar que afeta 200 milh\u00f5es de crian\u00e7as s\u00e3o afetadas.\n<\/p>\n<p>No centro de confer\u00eancias do Minist\u00e9rio das Rela\u00e7\u00f5es Exteriores da Fran\u00e7a, no 15\u00b0 distrito da capital francesa, a primeira-dama salientou as pol\u00edticas p\u00fablicas de seguran\u00e7a alimentar e prote\u00e7\u00e3o social dos governos Lula e Dilma Rousseff, como Bolsa Fam\u00edlia, e a Alian\u00e7a Global Contra a Fome e a Pobreza, promovida por Bras\u00edlia. Ela pediu \u201cum mundo com menos armas e mais alimentos\u201d, e ressaltou ter atendido a um convite do presidente franc\u00eas, Emmanuel Macron\n<\/p>\n<p>\u201cEm um cen\u00e1rio global de redu\u00e7\u00e3o dr\u00e1stica e constante de fundos para a coopera\u00e7\u00e3o humanit\u00e1ria e desenvolvimento, da qual centenas de iniciativas e projetos de apoio \u00e0s popula\u00e7\u00f5es mais carentes s\u00e3o dependentes, \u00e9 urgente aprofundarmos o entendimento e ampliarmos o investimento em a\u00e7\u00f5es estruturantes, para que consigamos cumprir os compromissos que assumimos com os Objetivos de Desenvolvimento Sustent\u00e1veis 1, da erradica\u00e7\u00e3o da pobreza, e o 2, o Fome Zero\u201d, afirmou, em seu discurso.\n<\/p>\n<p>Representantes dos minist\u00e9rios brasileiros das Rela\u00e7\u00f5es Exteriores, do Desenvolvimento Social, Assist\u00eancia, Fam\u00edlia e Combate \u00e0 Fome, da Sa\u00fade e da Educa\u00e7\u00e3o tamb\u00e9m participam da c\u00fapula.\n<\/p>\n<p><strong>Almo\u00e7o com Brigitte Macron<\/strong><br \/>Janja ser\u00e1 recebida para um almo\u00e7o oferecido pela primeira-dama francesa, Brigitte Macron. \u00c0 tarde, participar\u00e1 de uma recep\u00e7\u00e3o para as autoridades estrangeiras que vieram a Paris. A maior delas \u00e9 o rei africano do Lesoto, Letsie III.\n<\/p>\n<p>Tamb\u00e9m marcam presen\u00e7a o vice-presidente da Costa do Marfim, Tiemoko Meyliet Kon\u00e9, copresidente do evento, ministros de cerca de 75 pa\u00edses convidados e representantes de organiza\u00e7\u00f5es internacionais como Banco Mundial, Programa Alimentar Mundial e Unicef.\n<\/p>\n<p>Na sexta, a primeira-dama brasileira \u00e9 esperada em um evento paralelo da c\u00fapula, organizado pelo Brasil na sua embaixada na capital francesa.\n<\/p>\n<p><strong>Aportes financeiros contra a fome em queda<\/strong><br \/>Em 2022, 3 bilh\u00f5es de pessoas eram afetadas no planeta por uma das tr\u00eas formas de m\u00e1-nutri\u00e7\u00e3o: desnutri\u00e7\u00e3o, car\u00eancia alimentar e sobrepeso ou obesidade. O Banco Mundial estima que seria necess\u00e1rio destinar US$ 13 bilh\u00f5es por ano para o combate \u00e0 m\u00e1-nutri\u00e7\u00e3o, principal causa de mortalidade infantil no mundo.\n<\/p>\n<p>No contexto geopol\u00edtico delicado atual, com o aumento dos recursos destinados \u00e0 defesa em diversos pa\u00edses, a meta de Paris \u00e9 avan\u00e7ar na mobiliza\u00e7\u00e3o de um fundo anual que se aproxime deste valor. Na \u00faltima N4G, no Jap\u00e3o, um recorde de US$ 27 bilh\u00f5es em quatro anos foram recolhidos.\n<\/p>\n<p>A pr\u00f3pria Fran\u00e7a, na linha de frente no apoio \u00e0 Ucr\u00e2nia contra a invas\u00e3o russa, encontra-se em uma posi\u00e7\u00e3o delicada para aumentar os seus aportes. Conforme apurou o jornal Le Monde, Paris deve disponibilizar \u20ac 1,2 bilh\u00e3o \u2013 o valor, por\u00e9m, n\u00e3o deve significar uma alta da sua contribui\u00e7\u00e3o, mas sim um redirecionamento de recursos j\u00e1 or\u00e7ados pelo pa\u00eds anfitri\u00e3o.\n<\/p>\n<p>Outra barreira importante para este objetivo \u00e9 o fim da ajuda humanit\u00e1ria dos Estados Unidos para os pa\u00edses em desenvolvimento. Esta \u00e9 a primeira fez que a c\u00fapula acontece neste cen\u00e1rio, que dizimou o apoio a programas de combate \u00e0 desnutri\u00e7\u00e3o nos pa\u00edses mais vulner\u00e1veis.\n<\/p>\n<p>Fonte: Metr\u00f3poles              <\/p>\n<\/div>\n<p><br \/>\n<br \/><a href=\"https:\/\/diariodobrasilnoticias.com.br\/noticia\/janja-em-paris-pede-menos-armas-e-mais-alimentos-para-o-mundo-67e5a5661060d\">Source link <\/a><\/p>","protected":false},"excerpt":{"rendered":"<p>Paris acolhe nesta quinta-feira (27\/3) e sexta-feira (28\/3) mais uma edi\u00e7\u00e3o da c\u00fapula Nutri\u00e7\u00e3o para o Crescimento (N4G), realizada desde 2013 nas cidades-sede de Jogos Ol\u00edmpicos. O governo brasileiro \u00e9&hellip;<\/p>","protected":false},"author":1,"featured_media":114458,"comment_status":"closed","ping_status":"open","sticky":false,"template":"","format":"standard","meta":{"content-type":"","footnotes":""},"categories":[16],"tags":[123,2448,5313,1267],"class_list":["post-114457","post","type-post","status-publish","format-standard","has-post-thumbnail","hentry","category-noticias","tag-brasil","tag-diario","tag-noticia","tag-noticias"],"_links":{"self":[{"href":"https:\/\/tvbrazilusa.com\/pt\/wp-json\/wp\/v2\/posts\/114457","targetHints":{"allow":["GET"]}}],"collection":[{"href":"https:\/\/tvbrazilusa.com\/pt\/wp-json\/wp\/v2\/posts"}],"about":[{"href":"https:\/\/tvbrazilusa.com\/pt\/wp-json\/wp\/v2\/types\/post"}],"author":[{"embeddable":true,"href":"https:\/\/tvbrazilusa.com\/pt\/wp-json\/wp\/v2\/users\/1"}],"replies":[{"embeddable":true,"href":"https:\/\/tvbrazilusa.com\/pt\/wp-json\/wp\/v2\/comments?post=114457"}],"version-history":[{"count":1,"href":"https:\/\/tvbrazilusa.com\/pt\/wp-json\/wp\/v2\/posts\/114457\/revisions"}],"predecessor-version":[{"id":114459,"href":"https:\/\/tvbrazilusa.com\/pt\/wp-json\/wp\/v2\/posts\/114457\/revisions\/114459"}],"wp:featuredmedia":[{"embeddable":true,"href":"https:\/\/tvbrazilusa.com\/pt\/wp-json\/wp\/v2\/media\/114458"}],"wp:attachment":[{"href":"https:\/\/tvbrazilusa.com\/pt\/wp-json\/wp\/v2\/media?parent=114457"}],"wp:term":[{"taxonomy":"category","embeddable":true,"href":"https:\/\/tvbrazilusa.com\/pt\/wp-json\/wp\/v2\/categories?post=114457"},{"taxonomy":"post_tag","embeddable":true,"href":"https:\/\/tvbrazilusa.com\/pt\/wp-json\/wp\/v2\/tags?post=114457"}],"curies":[{"name":"wp","href":"https:\/\/api.w.org\/{rel}","templated":true}]}}