{"id":114460,"date":"2025-03-27T21:32:08","date_gmt":"2025-03-27T21:32:08","guid":{"rendered":"https:\/\/tvbrazilusa.com\/2025\/03\/27\/ricardo-braga-sosia-de-roberto-carlos-morre-aos-73-anos\/"},"modified":"2025-03-27T21:32:10","modified_gmt":"2025-03-27T21:32:10","slug":"ricardo-braga-sosia-de-roberto-carlos-morre-aos-73-anos","status":"publish","type":"post","link":"https:\/\/tvbrazilusa.com\/pt\/2025\/03\/27\/ricardo-braga-sosia-de-roberto-carlos-morre-aos-73-anos\/","title":{"rendered":"Ricardo Braga, s\u00f3sia de Roberto Carlos, morre aos 73 anos"},"content":{"rendered":"<p> <script async src=\"https:\/\/pagead2.googlesyndication.com\/pagead\/js\/adsbygoogle.js?client=ca-pub-8864793242727901\"\r\n     crossorigin=\"anonymous\"><\/script><br \/>\n<\/p>\n<div id=\"taboola-read-more\" style=\"display:block; width:100%\">\n<p>O Brasil perdeu na tarde da \u00faltima quarta-feira (26) o cantor e compositor Ricardo Braga, aos 73 anos de idade. O artista, que estava hospitalizado ap\u00f3s sofrer um AVC, faleceu em decorr\u00eancia de complica\u00e7\u00f5es de sa\u00fade. A not\u00edcia foi divulgada por apresentadores como S\u00f4nia Abr\u00e3o e Ricky Colavitto.\n<\/p>\n<p>Ricardo Braga ficou conhecido no cen\u00e1rio musical pela semelhan\u00e7a de sua voz com a do Rei Roberto Carlos. Desde o in\u00edcio de sua carreira, na d\u00e9cada de 80, ele se destacou por seu timbre \u00fanico, que cativou o p\u00fablico e o levou a alcan\u00e7ar seu conhecimento.<\/p>\n<p>Em 1978, ap\u00f3s sua voz chamar aten\u00e7\u00e3o, Ricardo recebeu o convite para gravar o disco &#8220;Roberto Collection&#8221;, um projeto que trouxe grande sucesso, com mais de 400 mil c\u00f3pias vendidas, apesar de seu nome n\u00e3o ser revelado.\n<\/p>\n<p>Al\u00e9m do \u00e1lbum de covers, Ricardo Braga tamb\u00e9m seguiu carreira com m\u00fasicas pr\u00f3prias, e o maior hit de sua trajet\u00f3ria foi a can\u00e7\u00e3o &#8220;Uma Estrela Vai Brilhar&#8221;, que se tornou uma marca registrada de seu repert\u00f3rio.\n<\/p>\n<p>O cantor Roberto Carlos emocionou seus seguidores ao recordar os 25 anos da morte de sua esposa, Maria Rita, que faleceu em 19 de dezembro de 1999. Ele compartilhou uma homenagem no Instagram com a letra de sua m\u00fasica dedicada a ela: &#8220;Primeira dama da minha vida, meu grande amor. Da nossa casa, pequeno mundo de um sonhador. Eu sou algu\u00e9m que voc\u00ea tem e que te ama. E sendo assim voc\u00ea \u00e9 minha primeira dama. PRIMEIRA DAMA&#8221;, escreveu o artista na legenda de uma foto ao lado da pedagoga.\n<\/p>\n<p>Os f\u00e3s se derreteram pela declara\u00e7\u00e3o e celebraram o amor eterno entre os dois. &#8220;Maravilhoso, eita mulher sortuda: ser a primeira dama de Roberto Carlos! Ela era linda e maravilhosa tamb\u00e9m!&#8221;, comentou uma seguidora. Outra destacou: &#8220;Amor mais puro e verdadeiro que j\u00e1 conheci. Roberto, voc\u00ea \u00e9 realmente &#8216;o cara'&#8221;. E ainda teve quem ressaltasse a sensibilidade do artista: &#8220;O \u00fanico homem que fala de amor e transmite amor&#8221;\n<\/p>\n<p>Fonte: Reda\u00e7\u00e3o Terra\u00a0              <\/p>\n<\/div>\n<p><br \/>\n<br \/><a href=\"https:\/\/diariodobrasilnoticias.com.br\/noticia\/ricardo-braga-sosia-de-roberto-carlos-morre-aos-73-anos-67e5a5c82664f\">Source link <\/a><\/p>","protected":false},"excerpt":{"rendered":"<p>O Brasil perdeu na tarde da \u00faltima quarta-feira (26) o cantor e compositor Ricardo Braga, aos 73 anos de idade. O artista, que estava hospitalizado ap\u00f3s sofrer um AVC, faleceu&hellip;<\/p>","protected":false},"author":1,"featured_media":114461,"comment_status":"closed","ping_status":"open","sticky":false,"template":"","format":"standard","meta":{"content-type":"","footnotes":""},"categories":[16],"tags":[123,2448,5313,1267],"class_list":["post-114460","post","type-post","status-publish","format-standard","has-post-thumbnail","hentry","category-noticias","tag-brasil","tag-diario","tag-noticia","tag-noticias"],"_links":{"self":[{"href":"https:\/\/tvbrazilusa.com\/pt\/wp-json\/wp\/v2\/posts\/114460","targetHints":{"allow":["GET"]}}],"collection":[{"href":"https:\/\/tvbrazilusa.com\/pt\/wp-json\/wp\/v2\/posts"}],"about":[{"href":"https:\/\/tvbrazilusa.com\/pt\/wp-json\/wp\/v2\/types\/post"}],"author":[{"embeddable":true,"href":"https:\/\/tvbrazilusa.com\/pt\/wp-json\/wp\/v2\/users\/1"}],"replies":[{"embeddable":true,"href":"https:\/\/tvbrazilusa.com\/pt\/wp-json\/wp\/v2\/comments?post=114460"}],"version-history":[{"count":1,"href":"https:\/\/tvbrazilusa.com\/pt\/wp-json\/wp\/v2\/posts\/114460\/revisions"}],"predecessor-version":[{"id":114462,"href":"https:\/\/tvbrazilusa.com\/pt\/wp-json\/wp\/v2\/posts\/114460\/revisions\/114462"}],"wp:featuredmedia":[{"embeddable":true,"href":"https:\/\/tvbrazilusa.com\/pt\/wp-json\/wp\/v2\/media\/114461"}],"wp:attachment":[{"href":"https:\/\/tvbrazilusa.com\/pt\/wp-json\/wp\/v2\/media?parent=114460"}],"wp:term":[{"taxonomy":"category","embeddable":true,"href":"https:\/\/tvbrazilusa.com\/pt\/wp-json\/wp\/v2\/categories?post=114460"},{"taxonomy":"post_tag","embeddable":true,"href":"https:\/\/tvbrazilusa.com\/pt\/wp-json\/wp\/v2\/tags?post=114460"}],"curies":[{"name":"wp","href":"https:\/\/api.w.org\/{rel}","templated":true}]}}