{"id":114466,"date":"2025-03-27T21:58:47","date_gmt":"2025-03-27T21:58:47","guid":{"rendered":"https:\/\/tvbrazilusa.com\/2025\/03\/27\/trump-ameaca-impor-tarifas-em-larga-escala-a-uniao-europeia-e-ao-canada\/"},"modified":"2025-03-27T21:58:51","modified_gmt":"2025-03-27T21:58:51","slug":"trump-ameaca-impor-tarifas-em-larga-escala-a-uniao-europeia-e-ao-canada","status":"publish","type":"post","link":"https:\/\/tvbrazilusa.com\/pt\/2025\/03\/27\/trump-ameaca-impor-tarifas-em-larga-escala-a-uniao-europeia-e-ao-canada\/","title":{"rendered":"Trump amea\u00e7a impor \u201ctarifas em larga escala\u201d \u00e0 Uni\u00e3o Europeia e ao Canad\u00e1"},"content":{"rendered":"<p> <script async src=\"https:\/\/pagead2.googlesyndication.com\/pagead\/js\/adsbygoogle.js?client=ca-pub-8864793242727901\"\r\n     crossorigin=\"anonymous\"><\/script><br \/>\n<\/p>\n<div id=\"taboola-read-more\" style=\"display:block; width:100%\">\n<p>O presidente dos Estados Unidos, Donald Trump, usou sua rede Truth Social, nesta quinta-feira (27\/3), para elevar o tom das amea\u00e7as tarif\u00e1rias \u00e0 Uni\u00e3o Europeia e ao Canad\u00e1.\n<\/p>\n<p>\u201cSe a Uni\u00e3o Europeia trabalhar com o Canad\u00e1 para causar danos econ\u00f4micos aos EUA, tarifas em larga escala, muito maiores do que as planejadas atualmente, ser\u00e3o impostas a ambos para proteger o melhor amigo que cada um desses dois pa\u00edses j\u00e1 teve\u201d, escreveu Trump.<\/p>\n<p>A fala do presidente ocorre em um momento que a tens\u00e3o entre o Canad\u00e1 e os EUA s\u00f3 aumentam. O presidente norte-americano repete, diversas vezes, a sua vontade de anexar o pa\u00eds ao territ\u00f3rio dos Estados Unidos e amplia a guerra tribut\u00e1ria entre as duas na\u00e7\u00f5es.\n<\/p>\n<p>Doug Ford, primeiro-ministro de Ont\u00e1rio, prov\u00edncia canadense, aplicou uma sobretaxa de 25% sobre as exporta\u00e7\u00f5es de eletricidade para tr\u00eas estados dos EUA: Nova York, Minnesota e Michigan. O Canad\u00e1 tamb\u00e9m prometeu retalia\u00e7\u00e3o com taxas de 25% sobre quase US$ 30 bilh\u00f5es em importa\u00e7\u00f5es norte-americanas.\n<\/p>\n<p>O cen\u00e1rio com a UE est\u00e1 longe de ser melhor, o bloco amea\u00e7ou aplicar taxas de 50% sobre o u\u00edsque norte-americano como resposta \u00e0s tarifas sobre a\u00e7o e alum\u00ednio impostas pelos EUA a pa\u00edses como Canad\u00e1, M\u00e9xico, China e Brasil, al\u00e9m dos europeus.\n<\/p>\n<p><strong>Retalia\u00e7\u00e3o<\/strong><br \/>Apesar disso, no dia 20 de mar\u00e7o a Uni\u00e3o Europeia anunciou que ir\u00e1 adiar para abril a sua retalia\u00e7\u00e3o ao tarifa\u00e7o sobre a\u00e7o e alum\u00ednio imposto pelo presidente dos Estados Unidos ao grupo.\n<\/p>\n<p>Segundo o porta-voz da UE, Olof Gill, a decis\u00e3o da Comiss\u00e3o Europeia \u00e9 esperar a nova lista de tarifas que o governo norte-americano anunciou implementar no dia 2 de abril para, ent\u00e3o, refinar a lista de produtos norte-americanos a serem tarifados.\n<\/p>\n<p>\u201cO objetivo da UE em adiar as tarifas \u00e9 atingir o equil\u00edbrio certo de produtos, levando em considera\u00e7\u00e3o os interesses dos produtores, exportadores e consumidores da UE. S\u00f3 ent\u00e3o os parceiros poder\u00e3o se envolver em poss\u00edveis negocia\u00e7\u00f5es\u201d, explicou Gill.\n<\/p>\n<p>Fonte: Metr\u00f3poles              <\/p>\n<\/div>\n<p><br \/>\n<br \/><a href=\"https:\/\/diariodobrasilnoticias.com.br\/noticia\/trump-ameaca-impor-tarifas-em-larga-escala-a-uniao-europeia-e-ao-canada-67e5a641ba8dc\">Source link <\/a><\/p>","protected":false},"excerpt":{"rendered":"<p>O presidente dos Estados Unidos, Donald Trump, usou sua rede Truth Social, nesta quinta-feira (27\/3), para elevar o tom das amea\u00e7as tarif\u00e1rias \u00e0 Uni\u00e3o Europeia e ao Canad\u00e1. \u201cSe a&hellip;<\/p>","protected":false},"author":1,"featured_media":114467,"comment_status":"closed","ping_status":"open","sticky":false,"template":"","format":"standard","meta":{"content-type":"","footnotes":""},"categories":[16],"tags":[123,2448,5313,1267],"class_list":["post-114466","post","type-post","status-publish","format-standard","has-post-thumbnail","hentry","category-noticias","tag-brasil","tag-diario","tag-noticia","tag-noticias"],"_links":{"self":[{"href":"https:\/\/tvbrazilusa.com\/pt\/wp-json\/wp\/v2\/posts\/114466","targetHints":{"allow":["GET"]}}],"collection":[{"href":"https:\/\/tvbrazilusa.com\/pt\/wp-json\/wp\/v2\/posts"}],"about":[{"href":"https:\/\/tvbrazilusa.com\/pt\/wp-json\/wp\/v2\/types\/post"}],"author":[{"embeddable":true,"href":"https:\/\/tvbrazilusa.com\/pt\/wp-json\/wp\/v2\/users\/1"}],"replies":[{"embeddable":true,"href":"https:\/\/tvbrazilusa.com\/pt\/wp-json\/wp\/v2\/comments?post=114466"}],"version-history":[{"count":1,"href":"https:\/\/tvbrazilusa.com\/pt\/wp-json\/wp\/v2\/posts\/114466\/revisions"}],"predecessor-version":[{"id":114468,"href":"https:\/\/tvbrazilusa.com\/pt\/wp-json\/wp\/v2\/posts\/114466\/revisions\/114468"}],"wp:featuredmedia":[{"embeddable":true,"href":"https:\/\/tvbrazilusa.com\/pt\/wp-json\/wp\/v2\/media\/114467"}],"wp:attachment":[{"href":"https:\/\/tvbrazilusa.com\/pt\/wp-json\/wp\/v2\/media?parent=114466"}],"wp:term":[{"taxonomy":"category","embeddable":true,"href":"https:\/\/tvbrazilusa.com\/pt\/wp-json\/wp\/v2\/categories?post=114466"},{"taxonomy":"post_tag","embeddable":true,"href":"https:\/\/tvbrazilusa.com\/pt\/wp-json\/wp\/v2\/tags?post=114466"}],"curies":[{"name":"wp","href":"https:\/\/api.w.org\/{rel}","templated":true}]}}