{"id":11458,"date":"2024-07-29T16:02:39","date_gmt":"2024-07-29T16:02:39","guid":{"rendered":"https:\/\/tvbrazilusa.com\/2024\/07\/29\/simone-biles-competira-em-todos-os-quatro-eventos-apesar-da-lesao-na-panturrilha-durante-as-finais-da-equipe-olimpica\/"},"modified":"2024-07-29T16:46:53","modified_gmt":"2024-07-29T16:46:53","slug":"simone-biles-competira-em-todos-os-quatro-eventos-apesar-da-lesao-na-panturrilha-durante-as-finais-da-equipe-olimpica","status":"publish","type":"post","link":"https:\/\/tvbrazilusa.com\/pt\/2024\/07\/29\/simone-biles-competira-em-todos-os-quatro-eventos-apesar-da-lesao-na-panturrilha-durante-as-finais-da-equipe-olimpica\/","title":{"rendered":"Simone Biles competir\u00e1 em todos os quatro eventos, apesar da les\u00e3o na panturrilha durante as finais da equipe ol\u00edmpica"},"content":{"rendered":"<p> <script async src=\"https:\/\/pagead2.googlesyndication.com\/pagead\/js\/adsbygoogle.js?client=ca-pub-8864793242727901\"\r\n     crossorigin=\"anonymous\"><\/script><br \/>\n<\/p>\n<div id=\"\">\n<header class=\"m-article-header m-article-header--standard\">\n\t\t\t\t\t\t\t\t\t\t\t\t<span id=\"article-header-primary-term\"><br \/>\n\t\t\t\t\t\t\t\t<a class=\"a-term a-term--primary\" href=\"https:\/\/www.boston.com\/tag\/sports\/\"><\/p>\n<p>\t\t\t\t\t\t\t\tEsportes\t\t\t\t\t\t\t\t<\/a><br \/>\n\t\t\t\t\t\t\t<\/span><\/p>\n<h2 class=\"m-article-header__sub-headline\">Depois de se retirar das Olimp\u00edadas de T\u00f3quio 2020, Biles est\u00e1 de volta mais forte do que nunca.<\/h2>\n<figure class=\"a-photo m-article-header__photo\"><figcaption class=\"a-photo__caption\">\n<p>\tSimone Biles, dos Estados Unidos, sorri ap\u00f3s competir nas barras assim\u00e9tricas durante uma rodada de qualifica\u00e7\u00e3o de gin\u00e1stica art\u00edstica feminina na Bercy Arena, nas Olimp\u00edadas de Ver\u00e3o de 2024, domingo, 28 de julho de 2024, em Paris, Fran\u00e7a.<em> AP Photo \/ Charlie Riedel<\/em>\t<\/figcaption><\/figure>\n<div class=\"m-article-header__meta\">\n<div class=\"m-article-header__byline\">\n<p class=\"m-article-header__author\">\n<p>\t\t\t\t\t\t\t\tPor WILL GRAVES, Associated Press\t\t\t\t\t\t\t<\/p>\n<p>\t\t\t\t\t\t    \t\t\t\t\t\t\t<time class=\"m-article-header__date\"><\/p>\n<p>        \t\t\t\t\t\t\t29 de julho de 2024 | 12:02 PM    \t\t\t\t\t\t\t<\/time><\/p><\/div>\n<\/p><\/div>\n<\/header>\n<p>PARIS (AP) \u2014 Uma les\u00e3o na panturrilha n\u00e3o vai desacelerar Simone Biles.<\/p>\n<p>A estrela da gin\u00e1stica americana est\u00e1 na escala\u00e7\u00e3o para todos os quatro eventos durante as finais ol\u00edmpicas por equipes na ter\u00e7a-feira \u00e0 noite.<\/p>\n<p>Biles torceu a panturrilha esquerda enquanto se aquecia para exerc\u00edcios de solo durante a qualifica\u00e7\u00e3o no domingo. Ela recuou brevemente para ter a panturrilha enfaixada, mas depois retornou e postou as melhores pontua\u00e7\u00f5es no solo e no salto em seu caminho para o topo do geral.<\/p>\n<p>Na semana passada, os l\u00edderes da equipe dos EUA consideraram manter Biles fora das barras assim\u00e9tricas nas finais por equipe para dar a ela uma pequena folga durante os Jogos. Em vez disso, Biles far\u00e1 parte de todos os eventos durante as finais, quando tr\u00eas ginastas competem e todas as tr\u00eas pontua\u00e7\u00f5es contam. Seu marido, Jonathan Owens, deve estar l\u00e1.<\/p>\n<p>Os americanos s\u00e3o os grandes favoritos para ganhar o ouro depois de ficarem em segundo lugar, atr\u00e1s da R\u00fassia, em T\u00f3quio, tr\u00eas anos atr\u00e1s.<\/p>\n<p>Biles ficar\u00e1 em \u00faltimo lugar pelos EUA em tr\u00eas eventos \u2014 salto, solo e trave de equil\u00edbrio \u2014 e ficar\u00e1 em segundo nas barras assim\u00e9tricas.<\/p>\n<p>Jordan Chiles, que terminou em quarto lugar no geral durante a qualifica\u00e7\u00e3o, atr\u00e1s de Biles, da brasileira Rebeca Andrade e da campe\u00e3 ol\u00edmpica de 2020 Sunisa Lee, tamb\u00e9m competir\u00e1 em todos os quatro eventos.<\/p>\n<p>Chiles, que faz parte da equipe dos Estados Unidos que conquistou a medalha de prata h\u00e1 tr\u00eas anos, come\u00e7ar\u00e1 no salto, nas barras e na trave de equil\u00edbrio e ficar\u00e1 em segundo lugar, atr\u00e1s de Lee, no solo.<\/p>\n<p>Lee ser\u00e1 a terceira americana nas barras assim\u00e9tricas, seu evento de assinatura. Ela ser\u00e1 a segunda na trave e a primeira no exerc\u00edcio de solo.<\/p>\n<p>O \u00fanico ajuste inesperado na escala\u00e7\u00e3o \u00e9 no solo, onde a campe\u00e3 ol\u00edmpica de exerc\u00edcios de solo de 2020, Jade Carey, se sentar\u00e1. Carey, que vai saltar, lutou no solo durante a qualifica\u00e7\u00e3o e disse depois que est\u00e1 lidando com uma doen\u00e7a.<\/p>\n<p>Hezly Rivera, aos 16 anos, a mais jovem integrante da equipe de cinco mulheres, n\u00e3o est\u00e1 programada para competir. Rivera fez parte da escala\u00e7\u00e3o nas barras e na trave durante a qualifica\u00e7\u00e3o, embora suas pontua\u00e7\u00f5es em cada evento tenham sido retiradas do total da equipe.<\/p>\n<div class=\"m-block m-generic-cta\t m-generic-cta--post-content\t m-generic-cta--dark\t m-generic-cta--homepage\t m-generic-cta--email-signup\t\t m-generic-cta-block-style--default \tt-amp__generic-cta\"><\/p>\n<div class=\"m-generic-cta__wrap\">\n<div class=\"m-generic-cta__content\">\n<h3 class=\"m-generic-cta__title\">Receba as \u00faltimas not\u00edcias esportivas de Boston<\/h3>\n<p class=\"m-generic-cta__subtitle\">Receba atualiza\u00e7\u00f5es sobre seus times favoritos de Boston, diretamente da nossa reda\u00e7\u00e3o para sua caixa de entrada.<\/p>\n<\/p><\/div>\n<\/p><\/div>\n<\/div><\/div>\n<p><script>\n\t\tvar consent=\"grant\";\n\t\t\/* The above code is parsing the JSON data from the local storage and storing it in a variable. *\/\n\t\t\t\t\tconst onetrustStorageConsent = JSON.parse(localStorage.getItem( 'consent_one_trust_bdc' ) );\n\t\t\tif ( ( onetrustStorageConsent !== null ) ) {\n\t\t\t\t\/* Checking to see if the user has consented to the use of cookies.\n\t\t\t\t* If they have not, it is deleting the cookie.\n\t\t\t\t* This will comment for now, until further notice.\n\t\t\t\t*\/\n\t\t\t\t\/\/if ( onetrustStorageConsent.C0002 === false ) {\n\t\t\t\t\/\/\tdocument.cookie=\"_fbp=;expires=Thu, 01 Jan 2010 00:00:00 UTC; path=\/; domain=.boston.com\";\n\t\t\t\t\/\/}\n\t\t\t\t\/* Checking if the user has given consent for the cookie C0002.\n\t\t\t\t* If the user has given consent, the variable consent will be set to 'grant'.\n\t\t\t\t* If the user has not given consent,the variable consent will be set to 'revoke'.\n\t\t\t\t* Documentation https:\/\/developers.facebook.com\/docs\/meta-pixel\/implementation\/gdpr\n\t\t\t\t*\/\n\t\t\t\tif ( onetrustStorageConsent.C0002 !== true ) {\n\t\t\t\t\tconsent=\"revoke\";\n\t\t\t\t}\n\t\t\t}\n\t\t\t\t!function(f,b,e,v,n,t,s)\n\t\t{if(f.fbq)return;n=f.fbq=function(){n.callMethod?\n\t\tn.callMethod.apply(n,arguments):n.queue.push(arguments)};\n\t\tif(!f._fbq)f._fbq=n;n.push=n;n.loaded=!0;n.version='2.0';\n\t\tn.queue=[];t=b.createElement(e);t.async=!0;\n\t\tt.src=v;s=b.getElementsByTagName(e)[0];\n\t\ts.parentNode.insertBefore(t,s)}(window, document,'script',\n\t\t'https:\/\/connect.facebook.net\/en_US\/fbevents.js');\n\t\tfbq('consent', consent);\n\t\tfbq('init', '989222871864976');\n\t\tfbq('track', 'PageView');\n\t<\/script><script type=\"module\">\n\t\tvar consent=\"grant\";\n\t\t\/* The above code is parsing the JSON data from the local storage and storing it in a variable. *\/\n\t\t\tconst onetrustStorageConsent = JSON.parse(localStorage.getItem( 'consent_one_trust_bdc' ) );\n\t\t\t\/* Checking to see if the user has consented to the use of cookies.\n\t\t\t* If they have not, it is deleting the cookie.\n\t\t\t* This will comment for now, until further notice.\n\t\t\t*\/\n\t\t\t\/\/if ( onetrustStorageConsent.C0002 === false ) {\n\t\t\t\/\/\tdocument.cookie=\"_fbp=;expires=Thu, 01 Jan 2010 00:00:00 UTC; path=\/; domain=.boston.com\";\n\t\t\t\/\/}\n\t\t\t\/* Checking if the user has given consent for the cookie C0002.\n\t\t\t* If the user has given consent, the variable consent will be set to 'grant'.\n\t\t\t* If the user has not given consent,the variable consent will be set to 'revoke'.\n\t\t\t* Documentation https:\/\/developers.facebook.com\/docs\/meta-pixel\/implementation\/gdpr\n\t\t\t*\/\n\t\t\tif ( ( onetrustStorageConsent !== null ) && (onetrustStorageConsent.C0002 !== true ) ) {\n\t\t\t\tconsent=\"revoke\";\n\t\t\t}\n\t\t\t\t!function(f,b,e,v,n,t,s){if(f.fbq)return;n=f.fbq=function()\n\t\t{n.callMethod? n.callMethod.apply(n,arguments):n.queue.push(arguments)}\n\t\t;if(!f._fbq)f._fbq=n;\n\t\tn.push=n;n.loaded=!0;n.version='2.0';n.queue=[];t=b.createElement(e);t.async=!0;\n\t\tt.src=v;s=b.getElementsByTagName(e)[0];s.parentNode.insertBefore(t,s)}(window,\n\t\tdocument,'script','https:\/\/connect.facebook.net\/en_US\/fbevents.js');\n\t\tfbq('consent', consent);\n\t\tfbq('init', '813236348753005');\n\t\tfbq('track', \"PageView\");\n\t<\/script><br \/>\n<br \/><br \/>\n<br \/><a href=\"https:\/\/www.boston.com\/sports\/sports\/2024\/07\/29\/simone-biles-olympic-team-finals-calf-injury\/\">Source link <\/a><\/p>","protected":false},"excerpt":{"rendered":"<p>Esportes Depois de se retirar das Olimp\u00edadas de T\u00f3quio 2020, Biles est\u00e1 de volta mais forte do que nunca. Simone Biles, dos Estados Unidos, sorri ap\u00f3s competir nas barras assim\u00e9tricas&hellip;<\/p>","protected":false},"author":1,"featured_media":11459,"comment_status":"closed","ping_status":"open","sticky":false,"template":"","format":"standard","meta":{"content-type":"","footnotes":""},"categories":[1],"tags":[],"class_list":["post-11458","post","type-post","status-publish","format-standard","has-post-thumbnail","hentry","category-uncategorized"],"_links":{"self":[{"href":"https:\/\/tvbrazilusa.com\/pt\/wp-json\/wp\/v2\/posts\/11458","targetHints":{"allow":["GET"]}}],"collection":[{"href":"https:\/\/tvbrazilusa.com\/pt\/wp-json\/wp\/v2\/posts"}],"about":[{"href":"https:\/\/tvbrazilusa.com\/pt\/wp-json\/wp\/v2\/types\/post"}],"author":[{"embeddable":true,"href":"https:\/\/tvbrazilusa.com\/pt\/wp-json\/wp\/v2\/users\/1"}],"replies":[{"embeddable":true,"href":"https:\/\/tvbrazilusa.com\/pt\/wp-json\/wp\/v2\/comments?post=11458"}],"version-history":[{"count":1,"href":"https:\/\/tvbrazilusa.com\/pt\/wp-json\/wp\/v2\/posts\/11458\/revisions"}],"predecessor-version":[{"id":11460,"href":"https:\/\/tvbrazilusa.com\/pt\/wp-json\/wp\/v2\/posts\/11458\/revisions\/11460"}],"wp:featuredmedia":[{"embeddable":true,"href":"https:\/\/tvbrazilusa.com\/pt\/wp-json\/wp\/v2\/media\/11459"}],"wp:attachment":[{"href":"https:\/\/tvbrazilusa.com\/pt\/wp-json\/wp\/v2\/media?parent=11458"}],"wp:term":[{"taxonomy":"category","embeddable":true,"href":"https:\/\/tvbrazilusa.com\/pt\/wp-json\/wp\/v2\/categories?post=11458"},{"taxonomy":"post_tag","embeddable":true,"href":"https:\/\/tvbrazilusa.com\/pt\/wp-json\/wp\/v2\/tags?post=11458"}],"curies":[{"name":"wp","href":"https:\/\/api.w.org\/{rel}","templated":true}]}}