{"id":114625,"date":"2025-03-28T13:33:55","date_gmt":"2025-03-28T13:33:55","guid":{"rendered":"https:\/\/tvbrazilusa.com\/2025\/03\/28\/daniel-alves-e-absolvido-da-acusacao-de-estupro-na-espanha-entenda-o-argumento\/"},"modified":"2025-03-28T13:33:57","modified_gmt":"2025-03-28T13:33:57","slug":"daniel-alves-e-absolvido-da-acusacao-de-estupro-na-espanha-entenda-o-argumento","status":"publish","type":"post","link":"https:\/\/tvbrazilusa.com\/pt\/2025\/03\/28\/daniel-alves-e-absolvido-da-acusacao-de-estupro-na-espanha-entenda-o-argumento\/","title":{"rendered":"Daniel Alves \u00e9 absolvido da acusa\u00e7\u00e3o de estupro na Espanha; Entenda o argumento"},"content":{"rendered":"<p> <script async src=\"https:\/\/pagead2.googlesyndication.com\/pagead\/js\/adsbygoogle.js?client=ca-pub-8864793242727901\"\r\n     crossorigin=\"anonymous\"><\/script><br \/>\n<\/p>\n<div>\n<figure class=\"post-image\">\n<\/figure>\n<p>            <span style=\"font-size: 12px\">Foto: Nacho Doce\/ Reuters<\/span><\/p>\n<p>            <!-- end metas --><br \/>\n            <!-- ADS --><\/p>\n<div id=\"taboola-read-more\" style=\"display:block; width:100%\">\n<p>O ex-jogador Daniel Alves foi absolvido nesta sexta-feira (28\/3), da acusa\u00e7\u00e3o de agress\u00e3o sexual que enfrentava na Espanha. Em decis\u00e3o un\u00e2nime do Tribunal de Justi\u00e7a da Catalunha, ficou entendido que n\u00e3o haviam argumentos suficientes no depoimento da mo\u00e7a que o acusava do crime, cometido em dezembro de 2022.\n<\/p>\n<p data-gtm-vis-recent-on-screen104869357_94=\"306702\" data-gtm-vis-first-on-screen104869357_94=\"306702\" data-gtm-vis-total-visible-time104869357_94=\"100\" data-gtm-vis-has-fired104869357_94=\"1\">No entendimento da corte, algumas quest\u00f5es na acusa\u00e7\u00e3o se mostravam inconsistentes.<\/p>\n<p>\u201cS\u00e9rie de lacunas, imprecis\u00f5es, incoer\u00eancias e contradi\u00e7\u00f5es quanto aos fatos, \u00e0 avalia\u00e7\u00e3o jur\u00eddica e suas consequ\u00eancias\u201d, diz um trecho da decis\u00e3o.\n<\/p>\n<p>\u201cDas provas produzidas, n\u00e3o se pode concluir que tenham sido superados os padr\u00f5es exigidos pela presun\u00e7\u00e3o de inoc\u00eancia\u201d, acrescenta.\n<\/p>\n<p>No ano de 2024, Daniel foi foi condenado a 4 anos e 6 meses de pris\u00e3o, al\u00e9m cumprir outras obriga\u00e7\u00f5es estabelecidas na senten\u00e7a. Entre elas, 5 anos de liberdade supervisionada posteriores a pena em regime fechado. O ex-jogador tamb\u00e9m deveria manter dist\u00e2ncia de pelo menos 1 km de dist\u00e2ncia do local de trabalho e moradia da denunciante.\n<\/p>\n<p>Fonte: Metr\u00f3poles              <\/p>\n<\/div>\n<p>                        <!-- Scripts para conteudo --><\/p>\n<p>            <!-- .\/Scripts para conteudo --><br \/>\n            <!-- .\/Mat\u00e9ria --><\/p>\n<div class=\"row mt-3\">\n<div class=\"col-sm-6\">\n                <!-- Whatsapp channel 3--><br \/>\n                <a href=\"https:\/\/chat.whatsapp.com\/B8Qy6Erx4kb6yTzj3kaDco\" target=\"_blank\"><br \/>\n                  <img decoding=\"async\" src=\"https:\/\/diariodobrasilnoticias.com.br\/assets-site\/images\/bot_whatsapp.png\"\/><\/a>\n              <\/div>\n<div class=\"col-sm-6\">\n                <a href=\"https:\/\/t.me\/+_4gTmi5LKo03OTM5\" target=\"_blank\"><br \/>\n                  <img decoding=\"async\" src=\"https:\/\/diariodobrasilnoticias.com.br\/assets-site\/images\/bot_telegram.png\"\/><\/a>\n              <\/div>\n<\/p><\/div>\n<p>            <!-- end post-navigation --><\/p>\n<p>              <!-- end row --><\/p>\n<p>              <!-- end col-12-->\n                      <\/div>\n<p><br \/>\n<br \/><a href=\"https:\/\/diariodobrasilnoticias.com.br\/noticia\/daniel-alves-e-absolvido-da-acusacao-de-estupro-na-espanha-entenda-o-argumento-67e682572407c\">Source link <\/a><\/p>","protected":false},"excerpt":{"rendered":"<p>Foto: Nacho Doce\/ Reuters O ex-jogador Daniel Alves foi absolvido nesta sexta-feira (28\/3), da acusa\u00e7\u00e3o de agress\u00e3o sexual que enfrentava na Espanha. Em decis\u00e3o un\u00e2nime do Tribunal de Justi\u00e7a da&hellip;<\/p>","protected":false},"author":1,"featured_media":114626,"comment_status":"closed","ping_status":"open","sticky":false,"template":"","format":"standard","meta":{"content-type":"","footnotes":""},"categories":[16],"tags":[123,2448,5313,1267],"class_list":["post-114625","post","type-post","status-publish","format-standard","has-post-thumbnail","hentry","category-noticias","tag-brasil","tag-diario","tag-noticia","tag-noticias"],"_links":{"self":[{"href":"https:\/\/tvbrazilusa.com\/pt\/wp-json\/wp\/v2\/posts\/114625","targetHints":{"allow":["GET"]}}],"collection":[{"href":"https:\/\/tvbrazilusa.com\/pt\/wp-json\/wp\/v2\/posts"}],"about":[{"href":"https:\/\/tvbrazilusa.com\/pt\/wp-json\/wp\/v2\/types\/post"}],"author":[{"embeddable":true,"href":"https:\/\/tvbrazilusa.com\/pt\/wp-json\/wp\/v2\/users\/1"}],"replies":[{"embeddable":true,"href":"https:\/\/tvbrazilusa.com\/pt\/wp-json\/wp\/v2\/comments?post=114625"}],"version-history":[{"count":1,"href":"https:\/\/tvbrazilusa.com\/pt\/wp-json\/wp\/v2\/posts\/114625\/revisions"}],"predecessor-version":[{"id":114627,"href":"https:\/\/tvbrazilusa.com\/pt\/wp-json\/wp\/v2\/posts\/114625\/revisions\/114627"}],"wp:featuredmedia":[{"embeddable":true,"href":"https:\/\/tvbrazilusa.com\/pt\/wp-json\/wp\/v2\/media\/114626"}],"wp:attachment":[{"href":"https:\/\/tvbrazilusa.com\/pt\/wp-json\/wp\/v2\/media?parent=114625"}],"wp:term":[{"taxonomy":"category","embeddable":true,"href":"https:\/\/tvbrazilusa.com\/pt\/wp-json\/wp\/v2\/categories?post=114625"},{"taxonomy":"post_tag","embeddable":true,"href":"https:\/\/tvbrazilusa.com\/pt\/wp-json\/wp\/v2\/tags?post=114625"}],"curies":[{"name":"wp","href":"https:\/\/api.w.org\/{rel}","templated":true}]}}