{"id":114637,"date":"2025-03-28T14:15:49","date_gmt":"2025-03-28T14:15:49","guid":{"rendered":"https:\/\/tvbrazilusa.com\/2025\/03\/28\/hugo-motta-suspende-votacao-do-projeto-da-anistia\/"},"modified":"2025-03-28T14:15:50","modified_gmt":"2025-03-28T14:15:50","slug":"hugo-motta-suspende-votacao-do-projeto-da-anistia","status":"publish","type":"post","link":"https:\/\/tvbrazilusa.com\/pt\/2025\/03\/28\/hugo-motta-suspende-votacao-do-projeto-da-anistia\/","title":{"rendered":"Hugo Motta suspende vota\u00e7\u00e3o do projeto da Anistia"},"content":{"rendered":"<p> <script async src=\"https:\/\/pagead2.googlesyndication.com\/pagead\/js\/adsbygoogle.js?client=ca-pub-8864793242727901\"\r\n     crossorigin=\"anonymous\"><\/script><br \/>\n<\/p>\n<div id=\"taboola-read-more\" style=\"display:block; width:100%\">\n<p>O presidente da C\u00e2mara, Hugo Motta, sinalizou a parlamentares durante a viagem que ele fez ao Jap\u00e3o ao lado do presidente Lula que n\u00e3o pretende colocar em pauta a urg\u00eancia do PL da Anistia aos r\u00e9us dos atos de 8 de janeiro.\n<\/p>\n<p>Aliados de Motta afirmaram a este portal que, na vis\u00e3o do presidente da C\u00e2mara, essa mat\u00e9ria \u2013 ao menos neste momento \u2013 n\u00e3o \u00e9 consensual, nem seria capaz de trazer votos a parlamentares do Centr\u00e3o. Leia-se siglas como o PSD, o Uni\u00e3o Brasil, Republicanos e MDB.<\/p>\n<p>Outro ponto que irritou aliados de Motta foi como o ex-presidente tentou pressionar parlamentares para que a pauta avan\u00e7asse na C\u00e2mara. Durante os atos ocorridos em mar\u00e7o, Bolsonaro citou, por exemplo, o PSD como partido que teria endossado o texto. No entanto, esse assunto sofre resist\u00eancia em pelo menos metade da bancada.\n<\/p>\n<p>Como registramos, as lideran\u00e7as do PL ainda pretendem conversar com Hugo Motta, em 1\u00ba de abril, para discutir a tramita\u00e7\u00e3o do texto. O partido de Jair Bolsonaro entrou em obstru\u00e7\u00e3o nesta semana para pressionar Motta a pautar a urg\u00eancia da mat\u00e9ria.\n<\/p>\n<p>PL da Anistia pode provocar obstru\u00e7\u00e3o do PT<br \/>Conforme apurou O Antagonista, esse \u00e9 outro ponto que tem incomodado os aliados de Motta. Assim como o PL entrou em obstru\u00e7\u00e3o, o PT \u2013 cuja federa\u00e7\u00e3o formada como o PcdoB e PV \u2013 poderia fazer o mesmo, mas contra a urg\u00eancia da mat\u00e9ria. A federa\u00e7\u00e3o Brasil da Esperan\u00e7a, assim como o PL, tem aproximadamente 100 parlamentares. \u201cA quest\u00e3o \u00e9 que o PL colocou Motta em uma sinuca de bico\u201d, afirmou um l\u00edder parlamentar a O Antagonista em car\u00e1ter reservado.\n<\/p>\n<p>Diante da dificuldade em ver esse projeto avan\u00e7ar, a bancada bolsonarista adotou uma outra estrat\u00e9gia: vai pressionar Motta a pautar a Proposta de Emenda Constitucional (PEC) que acaba com o foro privilegiado no pa\u00eds. Com esse texto, os parlamentares querem que Jair Bolsonaro e seus aliados sejam processados pela 1\u00aa inst\u00e2ncia, n\u00e3o pelo Supremo Tribunal Federal (STF).\n<\/p>\n<p>Apesar disso, mesmo que a PEC avance s\u00e3o poucas as chances de que ela possa beneficiar o ex-presidente da Rep\u00fablica. Como a a\u00e7\u00e3o penal contra Jair Bolsonaro por envolvimento na trama golpista j\u00e1 foi aberta no STF, mesmo com uma PEC, esse processo tende a ficar no STF pelo princ\u00edpio do juiz natural da causa \u2013 mais especificamente a premissa sobre a n\u00e3o transfer\u00eancia de compet\u00eancia de um processo para outro tribunal.\n<\/p>\n<p>Fonte: O antagonista              <\/p>\n<\/div>\n<p><br \/>\n<br \/><a href=\"https:\/\/diariodobrasilnoticias.com.br\/noticia\/hugo-motta-suspende-votacao-do-projeto-da-anistia-67e69c996f35c\">Source link <\/a><\/p>","protected":false},"excerpt":{"rendered":"<p>O presidente da C\u00e2mara, Hugo Motta, sinalizou a parlamentares durante a viagem que ele fez ao Jap\u00e3o ao lado do presidente Lula que n\u00e3o pretende colocar em pauta a urg\u00eancia&hellip;<\/p>","protected":false},"author":1,"featured_media":114638,"comment_status":"closed","ping_status":"open","sticky":false,"template":"","format":"standard","meta":{"content-type":"","footnotes":""},"categories":[16],"tags":[123,2448,5313,1267],"class_list":["post-114637","post","type-post","status-publish","format-standard","has-post-thumbnail","hentry","category-noticias","tag-brasil","tag-diario","tag-noticia","tag-noticias"],"_links":{"self":[{"href":"https:\/\/tvbrazilusa.com\/pt\/wp-json\/wp\/v2\/posts\/114637","targetHints":{"allow":["GET"]}}],"collection":[{"href":"https:\/\/tvbrazilusa.com\/pt\/wp-json\/wp\/v2\/posts"}],"about":[{"href":"https:\/\/tvbrazilusa.com\/pt\/wp-json\/wp\/v2\/types\/post"}],"author":[{"embeddable":true,"href":"https:\/\/tvbrazilusa.com\/pt\/wp-json\/wp\/v2\/users\/1"}],"replies":[{"embeddable":true,"href":"https:\/\/tvbrazilusa.com\/pt\/wp-json\/wp\/v2\/comments?post=114637"}],"version-history":[{"count":1,"href":"https:\/\/tvbrazilusa.com\/pt\/wp-json\/wp\/v2\/posts\/114637\/revisions"}],"predecessor-version":[{"id":114639,"href":"https:\/\/tvbrazilusa.com\/pt\/wp-json\/wp\/v2\/posts\/114637\/revisions\/114639"}],"wp:featuredmedia":[{"embeddable":true,"href":"https:\/\/tvbrazilusa.com\/pt\/wp-json\/wp\/v2\/media\/114638"}],"wp:attachment":[{"href":"https:\/\/tvbrazilusa.com\/pt\/wp-json\/wp\/v2\/media?parent=114637"}],"wp:term":[{"taxonomy":"category","embeddable":true,"href":"https:\/\/tvbrazilusa.com\/pt\/wp-json\/wp\/v2\/categories?post=114637"},{"taxonomy":"post_tag","embeddable":true,"href":"https:\/\/tvbrazilusa.com\/pt\/wp-json\/wp\/v2\/tags?post=114637"}],"curies":[{"name":"wp","href":"https:\/\/api.w.org\/{rel}","templated":true}]}}