{"id":114640,"date":"2025-03-28T14:26:49","date_gmt":"2025-03-28T14:26:49","guid":{"rendered":"https:\/\/tvbrazilusa.com\/2025\/03\/28\/apos-agredir-a-ex-companheira-com-a-filha-no-colo-homem-mata-mulher-e-incendeia-a-casa\/"},"modified":"2025-03-28T14:26:50","modified_gmt":"2025-03-28T14:26:50","slug":"apos-agredir-a-ex-companheira-com-a-filha-no-colo-homem-mata-mulher-e-incendeia-a-casa","status":"publish","type":"post","link":"https:\/\/tvbrazilusa.com\/pt\/2025\/03\/28\/apos-agredir-a-ex-companheira-com-a-filha-no-colo-homem-mata-mulher-e-incendeia-a-casa\/","title":{"rendered":"Ap\u00f3s agredir a ex-companheira com a filha no colo, homem mata mulher e incendeia a casa"},"content":{"rendered":"<p> <script async src=\"https:\/\/pagead2.googlesyndication.com\/pagead\/js\/adsbygoogle.js?client=ca-pub-8864793242727901\"\r\n     crossorigin=\"anonymous\"><\/script><br \/>\n<\/p>\n<div id=\"taboola-read-more\" style=\"display:block; width:100%\">\n<p>Um homem de 49 anos foi preso ap\u00f3s matar a facadas a ex-companheira, de 32, na madrugada dessa quinta-feira (27\/2) em Tabo\u00e3o da Serra, na regi\u00e3o metropolitana de S\u00e3o Paulo. A v\u00edtima foi socorrida, mas n\u00e3o resistiu.\n<\/p>\n<p>De acordo com a Pol\u00edcia Civil, ap\u00f3s o crime, o suspeito foi at\u00e9 o apartamento da v\u00edtima e ateou fogo. As chamas foram controladas pelo Corpo de Bombeiros.<\/p>\n<p>O crime aconteceu em um terreiro, na Rua Geraldo Jos\u00e9 de Almeida, no centro de Tabo\u00e3o da Serra. Imagens de c\u00e2mera de seguran\u00e7a flagraram o homem brigando com a v\u00edtima no mesmo local um dia antes do crime, na quarta (26\/3). No v\u00eddeo, \u00e9 poss\u00edvel ver ele avan\u00e7ando para a mulher com o intuito de pegar o seu celular, enquanto ela carregava uma crian\u00e7a no colo. A briga foi apartada por pessoas que estavam na rua.\n<\/p>\n<p>A v\u00edtima foi levada ao Hospital Family, onde a morte foi constatada.\n<\/p>\n<p>Em nota, a\u00a0<a href=\"https:\/\/www.ssp.sp.gov.br\/\" target=\"_blank\" rel=\"noopener noreferrer\">Secretaria da Seguran\u00e7a P\u00fablica<\/a>\u00a0(SSP) informou que a\u00a0<a href=\"https:\/\/www.policiamilitar.sp.gov.br\/\" target=\"_blank\" rel=\"noopener noreferrer\">Pol\u00edcia Militar<\/a>\u00a0localizou o homem no telhado de um im\u00f3vel. Ap\u00f3s negocia\u00e7\u00e3o, ele se entregou e foi levado \u00e0 Delegacia de Defesa da Mulher (DDM) da cidade.\n<\/p>\n<p>Durante a ocorr\u00eancia, o indiciado tentou pegar a arma de um dos policiais e se autolesionou, batendo a cabe\u00e7a contra a parede, sendo necess\u00e1ria interven\u00e7\u00e3o m\u00e9dica do Servi\u00e7o de Atendimento M\u00f3vel de Urg\u00eancia (Samu).\n<\/p>\n<p>A autoridade policial representou \u00e0 Justi\u00e7a pela convers\u00e3o da pris\u00e3o em flagrante em pris\u00e3o preventiva. A ocorr\u00eancia foi registrada como feminic\u00eddio, resist\u00eancia e inc\u00eandio.\n<\/p>\n<p>Fonte: Metr\u00f3poles              <\/p>\n<\/div>\n<p><br \/>\n<br \/><a href=\"https:\/\/diariodobrasilnoticias.com.br\/noticia\/apos-agredir-a-ex-companheira-com-a-filha-no-colo-homem-mata-mulher-e-incendeia-a-casa-67e69b518eba4\">Source link <\/a><\/p>","protected":false},"excerpt":{"rendered":"<p>Um homem de 49 anos foi preso ap\u00f3s matar a facadas a ex-companheira, de 32, na madrugada dessa quinta-feira (27\/2) em Tabo\u00e3o da Serra, na regi\u00e3o metropolitana de S\u00e3o Paulo.&hellip;<\/p>","protected":false},"author":1,"featured_media":114641,"comment_status":"closed","ping_status":"open","sticky":false,"template":"","format":"standard","meta":{"content-type":"","footnotes":""},"categories":[16],"tags":[123,2448,5313,1267],"class_list":["post-114640","post","type-post","status-publish","format-standard","has-post-thumbnail","hentry","category-noticias","tag-brasil","tag-diario","tag-noticia","tag-noticias"],"_links":{"self":[{"href":"https:\/\/tvbrazilusa.com\/pt\/wp-json\/wp\/v2\/posts\/114640","targetHints":{"allow":["GET"]}}],"collection":[{"href":"https:\/\/tvbrazilusa.com\/pt\/wp-json\/wp\/v2\/posts"}],"about":[{"href":"https:\/\/tvbrazilusa.com\/pt\/wp-json\/wp\/v2\/types\/post"}],"author":[{"embeddable":true,"href":"https:\/\/tvbrazilusa.com\/pt\/wp-json\/wp\/v2\/users\/1"}],"replies":[{"embeddable":true,"href":"https:\/\/tvbrazilusa.com\/pt\/wp-json\/wp\/v2\/comments?post=114640"}],"version-history":[{"count":1,"href":"https:\/\/tvbrazilusa.com\/pt\/wp-json\/wp\/v2\/posts\/114640\/revisions"}],"predecessor-version":[{"id":114642,"href":"https:\/\/tvbrazilusa.com\/pt\/wp-json\/wp\/v2\/posts\/114640\/revisions\/114642"}],"wp:featuredmedia":[{"embeddable":true,"href":"https:\/\/tvbrazilusa.com\/pt\/wp-json\/wp\/v2\/media\/114641"}],"wp:attachment":[{"href":"https:\/\/tvbrazilusa.com\/pt\/wp-json\/wp\/v2\/media?parent=114640"}],"wp:term":[{"taxonomy":"category","embeddable":true,"href":"https:\/\/tvbrazilusa.com\/pt\/wp-json\/wp\/v2\/categories?post=114640"},{"taxonomy":"post_tag","embeddable":true,"href":"https:\/\/tvbrazilusa.com\/pt\/wp-json\/wp\/v2\/tags?post=114640"}],"curies":[{"name":"wp","href":"https:\/\/api.w.org\/{rel}","templated":true}]}}