{"id":114649,"date":"2025-03-28T14:53:12","date_gmt":"2025-03-28T14:53:12","guid":{"rendered":"https:\/\/tvbrazilusa.com\/2025\/03\/28\/trump-comeca-a-perder-a-paciencia-com-russia\/"},"modified":"2025-03-28T14:53:14","modified_gmt":"2025-03-28T14:53:14","slug":"trump-comeca-a-perder-a-paciencia-com-russia","status":"publish","type":"post","link":"https:\/\/tvbrazilusa.com\/pt\/2025\/03\/28\/trump-comeca-a-perder-a-paciencia-com-russia\/","title":{"rendered":"Trump come\u00e7a a perder a paci\u00eancia com R\u00fassia"},"content":{"rendered":"<p> <script async src=\"https:\/\/pagead2.googlesyndication.com\/pagead\/js\/adsbygoogle.js?client=ca-pub-8864793242727901\"\r\n     crossorigin=\"anonymous\"><\/script><br \/>\n<\/p>\n<div id=\"taboola-read-more\" style=\"display:block; width:100%\">\n<p data-sourcepos=\"3:1-3:295\">O secret\u00e1rio de Estado dos Estados Unidos, Marco Rubio, descartou nesta quinta-feira (28) a possibilidade de iniciar negocia\u00e7\u00f5es de alto n\u00edvel com a R\u00fassia em curto prazo, alegando que Moscou n\u00e3o demonstrou disposi\u00e7\u00e3o real para avan\u00e7ar em dire\u00e7\u00e3o a uma solu\u00e7\u00e3o pac\u00edfica para a guerra na Ucr\u00e2nia.\n<\/p>\n<p data-sourcepos=\"5:1-5:434\">Rubio afirmou que ainda falta progresso \u201cno plano t\u00e9cnico\u201d e que as condi\u00e7\u00f5es n\u00e3o est\u00e3o maduras para uma rodada de conversas diplom\u00e1ticas. \u201cH\u00e1 muito trabalho a ser feito com ambas as partes, particularmente com o lado russo, com quem n\u00e3o conversamos h\u00e1 anos\u201d, declarou Rubio ap\u00f3s retornar de uma viagem ao Caribe. Ao ser questionado sobre um prazo para avan\u00e7ar, ele respondeu: \u201cN\u00e3o posso dar uma data. Isso n\u00e3o depende apenas de n\u00f3s\u201d.<\/p>\n<p data-sourcepos=\"7:1-7:686\">As declara\u00e7\u00f5es de Rubio ocorrem dias ap\u00f3s os Estados Unidos anunciarem um acordo preliminar entre Kiev e Moscou para interromper os ataques no Mar Negro, embora Moscou tenha apresentado condi\u00e7\u00f5es, exigindo o levantamento das san\u00e7\u00f5es impostas pelo Ocidente ap\u00f3s a invas\u00e3o em grande escala da Ucr\u00e2nia em fevereiro de 2022. Rubio reiterou que a posi\u00e7\u00e3o de Washington \u00e9 clara: Moscou deve aceitar incondicionalmente a proposta ucraniana de um cessar-fogo de 30 dias. Ele criticou as tentativas do Kremlin de condicionar qualquer cessa\u00e7\u00e3o das hostilidades ao levantamento de medidas econ\u00f4micas, classificando essa postura como uma chantagem inaceit\u00e1vel no contexto de uma guerra de agress\u00e3o.\n<\/p>\n<p data-sourcepos=\"9:1-9:1138\">Enquanto isso, o presidente russo, Vladimir Putin, prop\u00f4s nesta sexta-feira (29), na cidade de Murmansk, a cria\u00e7\u00e3o de uma \u201cadministra\u00e7\u00e3o de transi\u00e7\u00e3o\u201d na Ucr\u00e2nia sob supervis\u00e3o da ONU, com o objetivo de organizar elei\u00e7\u00f5es e negociar posteriormente um acordo com as novas autoridades. \u201cPoder\u00edamos discutir isso com os Estados Unidos, com a Europa e nossos parceiros, sob os ausp\u00edcios das Na\u00e7\u00f5es Unidas\u201d, declarou Putin, em uma proposta vista por Kiev como uma tentativa de legitimar uma ocupa\u00e7\u00e3o parcial do pa\u00eds. Ele afirmou que Moscou estaria disposto a negociar um acordo de paz com essas autoridades \u201cleg\u00edtimas\u201d e assinar documentos definitivos. Como argumento, citou o precedente do Timor Leste, administrado provisoriamente pela ONU em 1999, embora tenha omitido que essa transi\u00e7\u00e3o respondeu ao colapso institucional de um territ\u00f3rio ocupado, n\u00e3o a uma invas\u00e3o estrangeira. Putin tamb\u00e9m garantiu que as for\u00e7as russas t\u00eam atualmente \u201ca iniciativa estrat\u00e9gica\u201d em todas as frentes do conflito e prometeu intensificar as opera\u00e7\u00f5es militares. \u201cH\u00e1 raz\u00f5es para acreditar que vamos acabar com eles\u201d, disse, referindo-se \u00e0s tropas ucranianas.\n<\/p>\n<p data-sourcepos=\"11:1-11:706\">O presidente ucraniano, Volodimir Zelensky, expressou satisfa\u00e7\u00e3o ap\u00f3s a c\u00fapula realizada em Paris, convocada pelo presidente franc\u00eas Emmanuel Macron. No encontro, Macron e o primeiro-ministro brit\u00e2nico Keir Starmer foram designados como representantes da Europa em poss\u00edveis negocia\u00e7\u00f5es de paz com a R\u00fassia. \u201cHoje, todos na Europa concordamos que ela ser\u00e1 representada pela Fran\u00e7a e pelo Reino Unido. \u00c9 uma posi\u00e7\u00e3o clara e queremos transmitir esse sinal aos nossos parceiros, e sem d\u00favida, aos Estados Unidos\u201d, indicou Zelensky. Ele tamb\u00e9m enfatizou que n\u00e3o pode haver um acordo sem a presen\u00e7a europeia na mesa de negocia\u00e7\u00e3o. \u201cA posi\u00e7\u00e3o ucraniana \u00e9 muito clara. \u00c9 necess\u00e1rio. N\u00e3o vemos alternativa\u201d, disse.\n<\/p>\n<p data-sourcepos=\"13:1-13:741\">Macron insistiu que as san\u00e7\u00f5es europeias contra a R\u00fassia devem ser mantidas enquanto n\u00e3o houver avan\u00e7os reais e verific\u00e1veis, e defendeu a cria\u00e7\u00e3o de um contingente militar europeu que garanta o cumprimento de um eventual acordo de paz. Embora o envio dessa for\u00e7a n\u00e3o tenha sido decidido, os pa\u00edses participantes \u2013 31 no total \u2013 reafirmaram seu compromisso com a soberania ucraniana e rejeitaram que a R\u00fassia possa impor condi\u00e7\u00f5es como a redu\u00e7\u00e3o do ex\u00e9rcito ucraniano ap\u00f3s a guerra. Zelensky destacou que a reuni\u00e3o concluiu com compromissos concretos, como o an\u00fancio de nova ajuda militar para a Ucr\u00e2nia, e com a rejei\u00e7\u00e3o comum a qualquer f\u00f3rmula de negocia\u00e7\u00e3o que legitime a agress\u00e3o russa ou limite a capacidade defensiva do pa\u00eds agredido.\n<\/p>\n<p data-sourcepos=\"13:1-13:741\">\u00a0\n<\/p>\n<p data-sourcepos=\"13:1-13:741\">Fonte: Gazeta Brasil              <\/p>\n<\/div>\n<p><br \/>\n<br \/><a href=\"https:\/\/diariodobrasilnoticias.com.br\/noticia\/trump-comeca-a-perder-a-paciencia-com-russia-67e6a03681771\">Source link <\/a><\/p>","protected":false},"excerpt":{"rendered":"<p>O secret\u00e1rio de Estado dos Estados Unidos, Marco Rubio, descartou nesta quinta-feira (28) a possibilidade de iniciar negocia\u00e7\u00f5es de alto n\u00edvel com a R\u00fassia em curto prazo, alegando que Moscou&hellip;<\/p>","protected":false},"author":1,"featured_media":114650,"comment_status":"closed","ping_status":"open","sticky":false,"template":"","format":"standard","meta":{"content-type":"","footnotes":""},"categories":[16],"tags":[123,2448,5313,1267],"class_list":["post-114649","post","type-post","status-publish","format-standard","has-post-thumbnail","hentry","category-noticias","tag-brasil","tag-diario","tag-noticia","tag-noticias"],"_links":{"self":[{"href":"https:\/\/tvbrazilusa.com\/pt\/wp-json\/wp\/v2\/posts\/114649","targetHints":{"allow":["GET"]}}],"collection":[{"href":"https:\/\/tvbrazilusa.com\/pt\/wp-json\/wp\/v2\/posts"}],"about":[{"href":"https:\/\/tvbrazilusa.com\/pt\/wp-json\/wp\/v2\/types\/post"}],"author":[{"embeddable":true,"href":"https:\/\/tvbrazilusa.com\/pt\/wp-json\/wp\/v2\/users\/1"}],"replies":[{"embeddable":true,"href":"https:\/\/tvbrazilusa.com\/pt\/wp-json\/wp\/v2\/comments?post=114649"}],"version-history":[{"count":1,"href":"https:\/\/tvbrazilusa.com\/pt\/wp-json\/wp\/v2\/posts\/114649\/revisions"}],"predecessor-version":[{"id":114651,"href":"https:\/\/tvbrazilusa.com\/pt\/wp-json\/wp\/v2\/posts\/114649\/revisions\/114651"}],"wp:featuredmedia":[{"embeddable":true,"href":"https:\/\/tvbrazilusa.com\/pt\/wp-json\/wp\/v2\/media\/114650"}],"wp:attachment":[{"href":"https:\/\/tvbrazilusa.com\/pt\/wp-json\/wp\/v2\/media?parent=114649"}],"wp:term":[{"taxonomy":"category","embeddable":true,"href":"https:\/\/tvbrazilusa.com\/pt\/wp-json\/wp\/v2\/categories?post=114649"},{"taxonomy":"post_tag","embeddable":true,"href":"https:\/\/tvbrazilusa.com\/pt\/wp-json\/wp\/v2\/tags?post=114649"}],"curies":[{"name":"wp","href":"https:\/\/api.w.org\/{rel}","templated":true}]}}