{"id":114661,"date":"2025-03-28T15:31:11","date_gmt":"2025-03-28T15:31:11","guid":{"rendered":"https:\/\/tvbrazilusa.com\/2025\/03\/28\/desemprego-sobe-para-68-em-fevereiro-aponta-ibge\/"},"modified":"2025-03-28T15:31:13","modified_gmt":"2025-03-28T15:31:13","slug":"desemprego-sobe-para-68-em-fevereiro-aponta-ibge","status":"publish","type":"post","link":"https:\/\/tvbrazilusa.com\/pt\/2025\/03\/28\/desemprego-sobe-para-68-em-fevereiro-aponta-ibge\/","title":{"rendered":"Desemprego sobe para 6,8% em fevereiro, aponta IBGE"},"content":{"rendered":"<p> <script async src=\"https:\/\/pagead2.googlesyndication.com\/pagead\/js\/adsbygoogle.js?client=ca-pub-8864793242727901\"\r\n     crossorigin=\"anonymous\"><\/script><br \/>\n<\/p>\n<div id=\"taboola-read-more\" style=\"display:block; width:100%\">\n<p>A Pesquisa Nacional por Amostra de Domic\u00edlios (Pnad) Cont\u00ednua, divulgada nesta sexta-feira, 28, pelo IBGE, apontou que a taxa de desemprego no Brasil subiu para 6,8% no trimestre terminado em fevereiro.\n<\/p>\n<p>O resultado representa um crescimento de 0,7 ponto percentual frente ao trimestre anterior, encerrado em novembro de 2024, quando a taxa de desocupa\u00e7\u00e3o ficou em 6,1%.<\/p>\n<p>R<br \/>A Pesquisa Nacional por Amostra de Domic\u00edlios (Pnad) Cont\u00ednua, divulgada nesta sexta-feira, 28, pelo IBGE, apontou que a taxa de desemprego no Brasil subiu para 6,8% no trimestre terminado em fevereiro.\n<\/p>\n<p>O resultado representa um crescimento de 0,7 ponto percentual frente ao trimestre anterior, encerrado em novembro de 2024, quando a taxa de desocupa\u00e7\u00e3o ficou em 6,1%.\n<\/p>\n<p>Estimada em 7,5 milh\u00f5es de pessoas, a popula\u00e7\u00e3o desocupada cresceu 10,4% no trimestre, o equivalente a 701 mil pessoas.\n<\/p>\n<p>Por outro lado, a popula\u00e7\u00e3o ocupada caiu 1,2%, ficando em 102,7 milh\u00f5es.\n<\/p>\n<p>A coordenadora de pesquisas domiciliares do IBGE, Adriana Beringuy, afirmou que a alta \u201csegue o padr\u00e3o sazonal da Pnad cont\u00ednua com a tendencia de expans\u00e3o da busca por trabalho nos meses do primeiro trimestre de cada ano\u201d.\n<\/p>\n<p>O n\u00edvel da ocupa\u00e7\u00e3o, correspondente ao percentual de pessoas ocupadas na popula\u00e7\u00e3o em idade de trabalhar, foi de 58,0%, queda de 0,8 ponto percentual no trimestre.\n<\/p>\n<p>O n\u00famero de empregados no setor privado caiu 0,8% no trimestre para 53,1 milh\u00f5es de pessoas.\n<\/p>\n<p>Carteira assinada<br \/>Segundo o IBGE, o n\u00famero de empregados com carteira de trabalho no setor privado chegou a 39,6 milh\u00f5es.\n<\/p>\n<p>O resultado representa um novo recorde da s\u00e9rie hist\u00f3rica iniciada em 2012.\n<\/p>\n<p>O instituto registrou alta nas duas compara\u00e7\u00f5es da pesquisa: 1,1% no trimestre e 4,1% no ano.\n<\/p>\n<p>\u201cA expans\u00e3o do emprego com carteira est\u00e1 relacionada com a manuten\u00e7\u00e3o das contrata\u00e7\u00f5es no com\u00e9rcio\u201d, disse Adriana Beringuy ao comentar a Pnad cont\u00ednua.\n<\/p>\n<p>Informalidade e renda<br \/>A taxa de informalidade foi de 38,1% da popula\u00e7\u00e3o ocupada, o equivalente a 39,1 milh\u00f5es de trabalhadores informais, contra 38,7 % no trimestre encerrado em novembro, quando foram registrados 40,3 milh\u00f5es de informais.\n<\/p>\n<p>Apesar da eleva\u00e7\u00e3o da taxa de desemprego, o rendimento real habitual subiu 1,3% no trimestre, chegando a 3.378 reais, segundo o IBGE.\n<\/p>\n<p>A massa de rendimento real habitual, calculada em 342 bilh\u00f5es de reais, manteve a estabilidade no trimestre e cresceu 6,2% no ano.<\/p>\n<p>Fonte: O antagonista              <\/p>\n<\/div>\n<p><br \/>\n<br \/><a href=\"https:\/\/diariodobrasilnoticias.com.br\/noticia\/desemprego-sobe-para-6-8-em-fevereiro-aponta-ibge-67e6a6931ac4d\">Source link <\/a><\/p>","protected":false},"excerpt":{"rendered":"<p>A Pesquisa Nacional por Amostra de Domic\u00edlios (Pnad) Cont\u00ednua, divulgada nesta sexta-feira, 28, pelo IBGE, apontou que a taxa de desemprego no Brasil subiu para 6,8% no trimestre terminado em&hellip;<\/p>","protected":false},"author":1,"featured_media":114662,"comment_status":"closed","ping_status":"open","sticky":false,"template":"","format":"standard","meta":{"content-type":"","footnotes":""},"categories":[16],"tags":[123,2448,5313,1267],"class_list":["post-114661","post","type-post","status-publish","format-standard","has-post-thumbnail","hentry","category-noticias","tag-brasil","tag-diario","tag-noticia","tag-noticias"],"_links":{"self":[{"href":"https:\/\/tvbrazilusa.com\/pt\/wp-json\/wp\/v2\/posts\/114661","targetHints":{"allow":["GET"]}}],"collection":[{"href":"https:\/\/tvbrazilusa.com\/pt\/wp-json\/wp\/v2\/posts"}],"about":[{"href":"https:\/\/tvbrazilusa.com\/pt\/wp-json\/wp\/v2\/types\/post"}],"author":[{"embeddable":true,"href":"https:\/\/tvbrazilusa.com\/pt\/wp-json\/wp\/v2\/users\/1"}],"replies":[{"embeddable":true,"href":"https:\/\/tvbrazilusa.com\/pt\/wp-json\/wp\/v2\/comments?post=114661"}],"version-history":[{"count":1,"href":"https:\/\/tvbrazilusa.com\/pt\/wp-json\/wp\/v2\/posts\/114661\/revisions"}],"predecessor-version":[{"id":114663,"href":"https:\/\/tvbrazilusa.com\/pt\/wp-json\/wp\/v2\/posts\/114661\/revisions\/114663"}],"wp:featuredmedia":[{"embeddable":true,"href":"https:\/\/tvbrazilusa.com\/pt\/wp-json\/wp\/v2\/media\/114662"}],"wp:attachment":[{"href":"https:\/\/tvbrazilusa.com\/pt\/wp-json\/wp\/v2\/media?parent=114661"}],"wp:term":[{"taxonomy":"category","embeddable":true,"href":"https:\/\/tvbrazilusa.com\/pt\/wp-json\/wp\/v2\/categories?post=114661"},{"taxonomy":"post_tag","embeddable":true,"href":"https:\/\/tvbrazilusa.com\/pt\/wp-json\/wp\/v2\/tags?post=114661"}],"curies":[{"name":"wp","href":"https:\/\/api.w.org\/{rel}","templated":true}]}}