{"id":114670,"date":"2025-03-28T15:56:44","date_gmt":"2025-03-28T15:56:44","guid":{"rendered":"https:\/\/tvbrazilusa.com\/2025\/03\/28\/maduro-chama-secretario-de-estado-americano-de-imbecil-veja-video\/"},"modified":"2025-03-28T15:56:45","modified_gmt":"2025-03-28T15:56:45","slug":"maduro-chama-secretario-de-estado-americano-de-imbecil-veja-video","status":"publish","type":"post","link":"https:\/\/tvbrazilusa.com\/pt\/2025\/03\/28\/maduro-chama-secretario-de-estado-americano-de-imbecil-veja-video\/","title":{"rendered":"Maduro chama secret\u00e1rio de estado americano de imbecil; VEJA V\u00cdDEO"},"content":{"rendered":"<p> <script async src=\"https:\/\/pagead2.googlesyndication.com\/pagead\/js\/adsbygoogle.js?client=ca-pub-8864793242727901\"\r\n     crossorigin=\"anonymous\"><\/script><br \/>\n<\/p>\n<div id=\"taboola-read-more\" style=\"display:block; width:100%\">\n<p>O ditador venezuelano Nicol\u00e1s Maduro criticou o diplomata americano Marco Rubio, rotulando-o de \u201cimbecil\u201d durante um evento p\u00fablico nesta quinta-feira (27), em resposta ao aviso de Rubio sobre poss\u00edveis repercuss\u00f5es se a Venezuela atacasse a Guiana.\n<\/p>\n<p>Maduro destacou a import\u00e2ncia hist\u00f3rica da Venezuela, proclamando-a como a terra dos libertadores. Seus coment\u00e1rios ocorreram em meio a uma longa disputa territorial com a Guiana sobre a regi\u00e3o rica em recursos de petr\u00f3leo, Essequibo.<\/p>\n<p>\u201cO idiota do Marco Rubio est\u00e1 l\u00e1 fora amea\u00e7ando a Venezuela da Guiana. Imbecil, ningu\u00e9m amea\u00e7a a Venezuela porque esta \u00e9 a p\u00e1tria dos libertadores, esta \u00e9 a p\u00e1tria de Bol\u00edvar, imbecil. E dizem que isto \u00e9 um regime, uma ditadura. Marco Rubio nunca viu uma assembleia popular, nunca foi a um bairro porque eles s\u00e3o parte da elite corrupta de Miami, muito corrupta, que odeia a Venezuela\u201d, disse o l\u00edder venezuelano.\n<\/p>\n<p>ASSISTA:\n<\/p>\n<p>Mais cedo nesta quinta-feira, Rubio, durante sua viagem ao Caribe, expressou apoio \u00e0 Guiana contra as reivindica\u00e7\u00f5es da Venezuela, sugerindo que a for\u00e7a militar poderia ser empregada se necess\u00e1rio.\n<\/p>\n<p>O Secret\u00e1rio de Estado dos EUA alertou a Venezuela de que um ataque \u00e0 sua vizinha Guiana resultaria em \u201cum dia muito ruim\u201d para a na\u00e7\u00e3o sul-americana.\n<\/p>\n<p>Fonte: CNN Brasil              <\/p>\n<\/div>\n<p><br \/>\n<br \/><a href=\"https:\/\/diariodobrasilnoticias.com.br\/noticia\/maduro-chama-secretario-de-estado-americano-de-imbecil-veja-video-67e6a8d1d96e0\">Source link <\/a><\/p>","protected":false},"excerpt":{"rendered":"<p>O ditador venezuelano Nicol\u00e1s Maduro criticou o diplomata americano Marco Rubio, rotulando-o de \u201cimbecil\u201d durante um evento p\u00fablico nesta quinta-feira (27), em resposta ao aviso de Rubio sobre poss\u00edveis repercuss\u00f5es&hellip;<\/p>","protected":false},"author":1,"featured_media":114671,"comment_status":"closed","ping_status":"open","sticky":false,"template":"","format":"standard","meta":{"content-type":"","footnotes":""},"categories":[16],"tags":[123,2448,5313,1267],"class_list":["post-114670","post","type-post","status-publish","format-standard","has-post-thumbnail","hentry","category-noticias","tag-brasil","tag-diario","tag-noticia","tag-noticias"],"_links":{"self":[{"href":"https:\/\/tvbrazilusa.com\/pt\/wp-json\/wp\/v2\/posts\/114670","targetHints":{"allow":["GET"]}}],"collection":[{"href":"https:\/\/tvbrazilusa.com\/pt\/wp-json\/wp\/v2\/posts"}],"about":[{"href":"https:\/\/tvbrazilusa.com\/pt\/wp-json\/wp\/v2\/types\/post"}],"author":[{"embeddable":true,"href":"https:\/\/tvbrazilusa.com\/pt\/wp-json\/wp\/v2\/users\/1"}],"replies":[{"embeddable":true,"href":"https:\/\/tvbrazilusa.com\/pt\/wp-json\/wp\/v2\/comments?post=114670"}],"version-history":[{"count":1,"href":"https:\/\/tvbrazilusa.com\/pt\/wp-json\/wp\/v2\/posts\/114670\/revisions"}],"predecessor-version":[{"id":114672,"href":"https:\/\/tvbrazilusa.com\/pt\/wp-json\/wp\/v2\/posts\/114670\/revisions\/114672"}],"wp:featuredmedia":[{"embeddable":true,"href":"https:\/\/tvbrazilusa.com\/pt\/wp-json\/wp\/v2\/media\/114671"}],"wp:attachment":[{"href":"https:\/\/tvbrazilusa.com\/pt\/wp-json\/wp\/v2\/media?parent=114670"}],"wp:term":[{"taxonomy":"category","embeddable":true,"href":"https:\/\/tvbrazilusa.com\/pt\/wp-json\/wp\/v2\/categories?post=114670"},{"taxonomy":"post_tag","embeddable":true,"href":"https:\/\/tvbrazilusa.com\/pt\/wp-json\/wp\/v2\/tags?post=114670"}],"curies":[{"name":"wp","href":"https:\/\/api.w.org\/{rel}","templated":true}]}}