{"id":114679,"date":"2025-03-28T16:23:51","date_gmt":"2025-03-28T16:23:51","guid":{"rendered":"https:\/\/tvbrazilusa.com\/2025\/03\/28\/whindersson-nunes-faz-primeira-aparicao-apos-se-internar-em-clinica-psiquiatrica-confira\/"},"modified":"2025-03-28T16:23:57","modified_gmt":"2025-03-28T16:23:57","slug":"whindersson-nunes-faz-primeira-aparicao-apos-se-internar-em-clinica-psiquiatrica-confira","status":"publish","type":"post","link":"https:\/\/tvbrazilusa.com\/pt\/2025\/03\/28\/whindersson-nunes-faz-primeira-aparicao-apos-se-internar-em-clinica-psiquiatrica-confira\/","title":{"rendered":"Whindersson Nunes faz primeira apari\u00e7\u00e3o ap\u00f3s se internar em cl\u00ednica psiqui\u00e1trica; CONFIRA"},"content":{"rendered":"<p> <script async src=\"https:\/\/pagead2.googlesyndication.com\/pagead\/js\/adsbygoogle.js?client=ca-pub-8864793242727901\"\r\n     crossorigin=\"anonymous\"><\/script><br \/>\n<\/p>\n<div data-block-type=\"unstyled\" data-block-weight=\"45\" data-block-id=\"7\">\n<p class=\"content-text__container\" data-track-category=\"Link no Texto\" data-track-links=\"\" data-mrf-recirculation=\"Article links\">&#8220;Sempre preocupado com seus f\u00e3s e com o p\u00fablico, Whindersson tomou essa decis\u00e3o visando o cuidado integral de sua sa\u00fade. Ele est\u00e1 muito bem, feliz com sua evolu\u00e7\u00e3o e, em breve, estar\u00e1 de volta aos palcos fazendo o que mais ama&#8221;, dizia parte da nota.\n<\/p>\n<div class=\"cropped-block\">\n<div class=\"mc-column content-text active-extra-styles\" data-block-type=\"unstyled\" data-block-weight=\"29\" data-block-id=\"11\">\n<p class=\"content-text__container\" data-track-category=\"Link no Texto\" data-track-links=\"\" data-mrf-recirculation=\"Article links\">Em maio do ano passado, o humorista Whindersson Nunes desabafou em suas redes sociais sobre a depress\u00e3o, dizendo que se sentiu mal no palco, fazendo shows, devido \u00e0 doen\u00e7a.\n<\/p>\n<\/div>\n<\/div>\n<div class=\"cropped-block\">\n<div class=\"mc-column content-text active-extra-styles\" data-block-type=\"unstyled\" data-block-weight=\"37\" data-block-id=\"12\">\n<p class=\"content-text__container\" data-track-category=\"Link no Texto\" data-track-links=\"\" data-mrf-recirculation=\"Article links\">\u201cPrimeira vez que a depress\u00e3o fez eu n\u00e3o me sentir bem com um microfone na m\u00e3o foi hoje, mas aprendi mais uma. Quando for fazer algo, fa\u00e7a por que quer, n\u00e3o por que est\u00e1 com raiva\u201d, escreveu.\n<\/p>\n<div class=\"cropped-block\">\n<div class=\"mc-column content-text active-extra-styles\" data-block-type=\"unstyled\" data-block-weight=\"47\" data-block-id=\"14\">\n<p class=\"content-text__container\" data-track-category=\"Link no Texto\" data-track-links=\"\" data-mrf-recirculation=\"Article links\">Em 2023, durante uma entrevista a Marcelo Tas, Whindersson disse que o esporte o ajudou a controlar a depress\u00e3o: \u201cEla \u00e9 vai e volta. Voc\u00ea est\u00e1 bem durante muito tempo, depois vem um neg\u00f3cio que voc\u00ea n\u00e3o sabe o que est\u00e1 acontecendo. O boxe me controlava mentalmente.\n<\/p>\n<\/div>\n<\/div>\n<div class=\"cropped-block\">\n<div class=\"mc-column content-text active-extra-styles\" data-block-type=\"unstyled\" data-block-weight=\"16\" data-block-id=\"15\">\n<p class=\"content-text__container\" data-track-category=\"Link no Texto\" data-track-links=\"\" data-mrf-recirculation=\"Article links\">Inicialmente a nota foi publicada pelo site Hugo Gloss e compartilhada no perfil oficial do humorista.\n<\/p>\n<p class=\"content-text__container\" data-track-category=\"Link no Texto\" data-track-links=\"\" data-mrf-recirculation=\"Article links\">\n<p class=\"content-text__container\" data-track-category=\"Link no Texto\" data-track-links=\"\" data-mrf-recirculation=\"Article links\">Instagram\n<\/p>\n<p class=\"content-text__container\" data-track-category=\"Link no Texto\" data-track-links=\"\" data-mrf-recirculation=\"Article links\">Fonte: Extra\n<\/p>\n<\/div>\n<\/div>\n<\/div>\n<\/div>\n<\/div>\n<p><br \/>\n<br \/><a href=\"https:\/\/diariodobrasilnoticias.com.br\/noticia\/whindersson-nunes-faz-primeira-aparicao-apos-se-internar-em-clinica-psiquiatrica-confira-67e6ad7be0fee\">Source link <\/a><\/p>","protected":false},"excerpt":{"rendered":"<p>&#8220;Sempre preocupado com seus f\u00e3s e com o p\u00fablico, Whindersson tomou essa decis\u00e3o visando o cuidado integral de sua sa\u00fade. Ele est\u00e1 muito bem, feliz com sua evolu\u00e7\u00e3o e, em&hellip;<\/p>","protected":false},"author":1,"featured_media":114680,"comment_status":"closed","ping_status":"open","sticky":false,"template":"","format":"standard","meta":{"content-type":"","footnotes":""},"categories":[16],"tags":[123,2448,5313,1267],"class_list":["post-114679","post","type-post","status-publish","format-standard","has-post-thumbnail","hentry","category-noticias","tag-brasil","tag-diario","tag-noticia","tag-noticias"],"_links":{"self":[{"href":"https:\/\/tvbrazilusa.com\/pt\/wp-json\/wp\/v2\/posts\/114679","targetHints":{"allow":["GET"]}}],"collection":[{"href":"https:\/\/tvbrazilusa.com\/pt\/wp-json\/wp\/v2\/posts"}],"about":[{"href":"https:\/\/tvbrazilusa.com\/pt\/wp-json\/wp\/v2\/types\/post"}],"author":[{"embeddable":true,"href":"https:\/\/tvbrazilusa.com\/pt\/wp-json\/wp\/v2\/users\/1"}],"replies":[{"embeddable":true,"href":"https:\/\/tvbrazilusa.com\/pt\/wp-json\/wp\/v2\/comments?post=114679"}],"version-history":[{"count":1,"href":"https:\/\/tvbrazilusa.com\/pt\/wp-json\/wp\/v2\/posts\/114679\/revisions"}],"predecessor-version":[{"id":114681,"href":"https:\/\/tvbrazilusa.com\/pt\/wp-json\/wp\/v2\/posts\/114679\/revisions\/114681"}],"wp:featuredmedia":[{"embeddable":true,"href":"https:\/\/tvbrazilusa.com\/pt\/wp-json\/wp\/v2\/media\/114680"}],"wp:attachment":[{"href":"https:\/\/tvbrazilusa.com\/pt\/wp-json\/wp\/v2\/media?parent=114679"}],"wp:term":[{"taxonomy":"category","embeddable":true,"href":"https:\/\/tvbrazilusa.com\/pt\/wp-json\/wp\/v2\/categories?post=114679"},{"taxonomy":"post_tag","embeddable":true,"href":"https:\/\/tvbrazilusa.com\/pt\/wp-json\/wp\/v2\/tags?post=114679"}],"curies":[{"name":"wp","href":"https:\/\/api.w.org\/{rel}","templated":true}]}}