{"id":114685,"date":"2025-03-28T16:48:48","date_gmt":"2025-03-28T16:48:48","guid":{"rendered":"https:\/\/tvbrazilusa.com\/2025\/03\/28\/padre-julio-lancellotti-participa-de-ritual-com-mae-de-santo-veja-video\/"},"modified":"2025-03-28T16:48:53","modified_gmt":"2025-03-28T16:48:53","slug":"padre-julio-lancellotti-participa-de-ritual-com-mae-de-santo-veja-video","status":"publish","type":"post","link":"https:\/\/tvbrazilusa.com\/pt\/2025\/03\/28\/padre-julio-lancellotti-participa-de-ritual-com-mae-de-santo-veja-video\/","title":{"rendered":"Padre Julio Lancellotti participa de ritual com m\u00e3e de santo; VEJA V\u00cdDEO"},"content":{"rendered":"<p> <script async src=\"https:\/\/pagead2.googlesyndication.com\/pagead\/js\/adsbygoogle.js?client=ca-pub-8864793242727901\"\r\n     crossorigin=\"anonymous\"><\/script><br \/>\n<\/p>\n<div id=\"taboola-read-more\" style=\"display:block; width:100%\">\n<p>Em sua passagem por Bel\u00e9m, o padre J\u00falio Lancelotti gerou controv\u00e9rsia ao receber uma b\u00ean\u00e7\u00e3o da M\u00e3e Juci de Oy\u00e1, de uma religi\u00e3o de matriz africana, durante sua participa\u00e7\u00e3o no programa Sem Censura.<\/p>\n<p>A cerim\u00f4nia, que utilizou folhas da Amaz\u00f4nia, provocou debates acalorados nas redes sociais, com muitos seguidores cat\u00f3licos manifestando descontentamento em rela\u00e7\u00e3o \u00e0 atitude do padre. Por outro lado, alguns internautas defenderam sua a\u00e7\u00e3o, ressaltando a import\u00e2ncia do respeito \u00e0s diferentes tradi\u00e7\u00f5es religiosas.\n<\/p>\n<p>ASSISTA<\/p>\n<p>Fonte: @luizbacci              <\/p>\n<\/div>\n<p><br \/>\n<br \/><a href=\"https:\/\/diariodobrasilnoticias.com.br\/noticia\/padre-julio-lancellotti-participa-de-ritual-com-mae-de-santo-veja-video-67e6ae8ccdc6b\">Source link <\/a><\/p>","protected":false},"excerpt":{"rendered":"<p>Em sua passagem por Bel\u00e9m, o padre J\u00falio Lancelotti gerou controv\u00e9rsia ao receber uma b\u00ean\u00e7\u00e3o da M\u00e3e Juci de Oy\u00e1, de uma religi\u00e3o de matriz africana, durante sua participa\u00e7\u00e3o no&hellip;<\/p>","protected":false},"author":1,"featured_media":114686,"comment_status":"closed","ping_status":"open","sticky":false,"template":"","format":"standard","meta":{"content-type":"","footnotes":""},"categories":[16],"tags":[123,2448,5313,1267],"class_list":["post-114685","post","type-post","status-publish","format-standard","has-post-thumbnail","hentry","category-noticias","tag-brasil","tag-diario","tag-noticia","tag-noticias"],"_links":{"self":[{"href":"https:\/\/tvbrazilusa.com\/pt\/wp-json\/wp\/v2\/posts\/114685","targetHints":{"allow":["GET"]}}],"collection":[{"href":"https:\/\/tvbrazilusa.com\/pt\/wp-json\/wp\/v2\/posts"}],"about":[{"href":"https:\/\/tvbrazilusa.com\/pt\/wp-json\/wp\/v2\/types\/post"}],"author":[{"embeddable":true,"href":"https:\/\/tvbrazilusa.com\/pt\/wp-json\/wp\/v2\/users\/1"}],"replies":[{"embeddable":true,"href":"https:\/\/tvbrazilusa.com\/pt\/wp-json\/wp\/v2\/comments?post=114685"}],"version-history":[{"count":1,"href":"https:\/\/tvbrazilusa.com\/pt\/wp-json\/wp\/v2\/posts\/114685\/revisions"}],"predecessor-version":[{"id":114687,"href":"https:\/\/tvbrazilusa.com\/pt\/wp-json\/wp\/v2\/posts\/114685\/revisions\/114687"}],"wp:featuredmedia":[{"embeddable":true,"href":"https:\/\/tvbrazilusa.com\/pt\/wp-json\/wp\/v2\/media\/114686"}],"wp:attachment":[{"href":"https:\/\/tvbrazilusa.com\/pt\/wp-json\/wp\/v2\/media?parent=114685"}],"wp:term":[{"taxonomy":"category","embeddable":true,"href":"https:\/\/tvbrazilusa.com\/pt\/wp-json\/wp\/v2\/categories?post=114685"},{"taxonomy":"post_tag","embeddable":true,"href":"https:\/\/tvbrazilusa.com\/pt\/wp-json\/wp\/v2\/tags?post=114685"}],"curies":[{"name":"wp","href":"https:\/\/api.w.org\/{rel}","templated":true}]}}