{"id":114688,"date":"2025-03-28T17:00:19","date_gmt":"2025-03-28T17:00:19","guid":{"rendered":"https:\/\/tvbrazilusa.com\/2025\/03\/28\/restos-mortais-achados-na-california-sao-de-desaparecida-ha-50-anos-entenda\/"},"modified":"2025-03-28T17:00:24","modified_gmt":"2025-03-28T17:00:24","slug":"restos-mortais-achados-na-california-sao-de-desaparecida-ha-50-anos-entenda","status":"publish","type":"post","link":"https:\/\/tvbrazilusa.com\/pt\/2025\/03\/28\/restos-mortais-achados-na-california-sao-de-desaparecida-ha-50-anos-entenda\/","title":{"rendered":"Restos mortais achados na Calif\u00f3rnia s\u00e3o de desaparecida h\u00e1 50 anos; ENTENDA"},"content":{"rendered":"<p> <script async src=\"https:\/\/pagead2.googlesyndication.com\/pagead\/js\/adsbygoogle.js?client=ca-pub-8864793242727901\"\r\n     crossorigin=\"anonymous\"><\/script><br \/>\n<br \/>Laura O&#8217;Malley havia sumido em Nova York em 1975, quando tinha 13 anos<br \/>\n<br \/><br \/>\n<br \/><a href=\"https:\/\/diariodobrasilnoticias.com.br\/noticia\/restos-mortais-achados-na-california-sao-de-desaparecida-ha-50-anos-entenda-67e6adbe49799\">Source link <\/a><\/p>","protected":false},"excerpt":{"rendered":"<p>Laura O&#8217;Malley havia sumido em Nova York em 1975, quando tinha 13 anos Source link<\/p>","protected":false},"author":1,"featured_media":114689,"comment_status":"closed","ping_status":"open","sticky":false,"template":"","format":"standard","meta":{"content-type":"","footnotes":""},"categories":[16],"tags":[123,2448,5313,1267],"class_list":["post-114688","post","type-post","status-publish","format-standard","has-post-thumbnail","hentry","category-noticias","tag-brasil","tag-diario","tag-noticia","tag-noticias"],"_links":{"self":[{"href":"https:\/\/tvbrazilusa.com\/pt\/wp-json\/wp\/v2\/posts\/114688","targetHints":{"allow":["GET"]}}],"collection":[{"href":"https:\/\/tvbrazilusa.com\/pt\/wp-json\/wp\/v2\/posts"}],"about":[{"href":"https:\/\/tvbrazilusa.com\/pt\/wp-json\/wp\/v2\/types\/post"}],"author":[{"embeddable":true,"href":"https:\/\/tvbrazilusa.com\/pt\/wp-json\/wp\/v2\/users\/1"}],"replies":[{"embeddable":true,"href":"https:\/\/tvbrazilusa.com\/pt\/wp-json\/wp\/v2\/comments?post=114688"}],"version-history":[{"count":1,"href":"https:\/\/tvbrazilusa.com\/pt\/wp-json\/wp\/v2\/posts\/114688\/revisions"}],"predecessor-version":[{"id":114690,"href":"https:\/\/tvbrazilusa.com\/pt\/wp-json\/wp\/v2\/posts\/114688\/revisions\/114690"}],"wp:featuredmedia":[{"embeddable":true,"href":"https:\/\/tvbrazilusa.com\/pt\/wp-json\/wp\/v2\/media\/114689"}],"wp:attachment":[{"href":"https:\/\/tvbrazilusa.com\/pt\/wp-json\/wp\/v2\/media?parent=114688"}],"wp:term":[{"taxonomy":"category","embeddable":true,"href":"https:\/\/tvbrazilusa.com\/pt\/wp-json\/wp\/v2\/categories?post=114688"},{"taxonomy":"post_tag","embeddable":true,"href":"https:\/\/tvbrazilusa.com\/pt\/wp-json\/wp\/v2\/tags?post=114688"}],"curies":[{"name":"wp","href":"https:\/\/api.w.org\/{rel}","templated":true}]}}