{"id":114691,"date":"2025-03-28T17:13:08","date_gmt":"2025-03-28T17:13:08","guid":{"rendered":"https:\/\/tvbrazilusa.com\/2025\/03\/28\/urgente-leo-indio-responde-stf-e-diz-data-para-retorno-ao-brasil-veja-video\/"},"modified":"2025-03-28T17:13:13","modified_gmt":"2025-03-28T17:13:13","slug":"urgente-leo-indio-responde-stf-e-diz-data-para-retorno-ao-brasil-veja-video","status":"publish","type":"post","link":"https:\/\/tvbrazilusa.com\/pt\/2025\/03\/28\/urgente-leo-indio-responde-stf-e-diz-data-para-retorno-ao-brasil-veja-video\/","title":{"rendered":"URGENTE: L\u00e9o \u00cdndio responde STF e diz data para retorno ao Brasil; VEJA V\u00cdDEO"},"content":{"rendered":"<p> <script async src=\"https:\/\/pagead2.googlesyndication.com\/pagead\/js\/adsbygoogle.js?client=ca-pub-8864793242727901\"\r\n     crossorigin=\"anonymous\"><\/script><br \/>\n<\/p>\n<div id=\"taboola-read-more\" style=\"display:block; width:100%\">\n<p>L\u00e9o Indio se explica a Alexandre de Moraes sobre sa\u00edda do Brasil. R\u00e9u no 8\/1 foi questionado pelo ministro ap\u00f3s ida para a Argentina. Defesa diz que cliente voltar\u00e1 ao pa\u00eds no dia 4 de junho.\n<\/p>\n<p>ASSISTA:<\/p>\n<blockquote class=\"twitter-tweet\" data-media-max-width=\"560\">\n<p dir=\"ltr\" lang=\"pt\">L\u00e9o Indio se explica a Alexandre de Moraes sobre sa\u00edda do Brasil. R\u00e9u no 8\/1 foi questionado pelo ministro ap\u00f3s ida para a Argentina. Defesa diz que cliente voltar\u00e1 ao pa\u00eds no dia 4 de junho.<\/p>\n<p>\u27a1 Assista ao <a href=\"https:\/\/twitter.com\/hashtag\/Conex%C3%A3oGloboNews?src=hash&#038;ref_src=twsrc%5Etfw\">#Conex\u00e3oGloboNews<\/a>: <a href=\"https:\/\/t.co\/bFwcwLpLU9\">https:\/\/t.co\/bFwcwLpLU9<\/a> <a href=\"https:\/\/twitter.com\/hashtag\/GloboNews?src=hash&#038;ref_src=twsrc%5Etfw\">#GloboNews<\/a> <a href=\"https:\/\/t.co\/n6mgjcEHmA\">pic.twitter.com\/n6mgjcEHmA<\/a><br \/>\n\u2014 GloboNews (@GloboNews) <a href=\"https:\/\/twitter.com\/GloboNews\/status\/1905623879675945263?ref_src=twsrc%5Etfw\">March 28, 2025<\/a><\/p>\n<\/blockquote>\n<\/div>\n<p><script async src=\"\/\/platform.twitter.com\/widgets.js\" charset=\"utf-8\"><\/script><br \/>\n<br \/><br \/>\n<br \/><a href=\"https:\/\/diariodobrasilnoticias.com.br\/noticia\/urgente-leo-indio-responde-stf-e-diz-data-para-retorno-ao-brasil-veja-video-67e6b8c308421\">Source link <\/a><\/p>","protected":false},"excerpt":{"rendered":"<p>L\u00e9o Indio se explica a Alexandre de Moraes sobre sa\u00edda do Brasil. R\u00e9u no 8\/1 foi questionado pelo ministro ap\u00f3s ida para a Argentina. Defesa diz que cliente voltar\u00e1 ao&hellip;<\/p>","protected":false},"author":1,"featured_media":114692,"comment_status":"closed","ping_status":"open","sticky":false,"template":"","format":"standard","meta":{"content-type":"","footnotes":""},"categories":[16],"tags":[123,2448,5313,1267],"class_list":["post-114691","post","type-post","status-publish","format-standard","has-post-thumbnail","hentry","category-noticias","tag-brasil","tag-diario","tag-noticia","tag-noticias"],"_links":{"self":[{"href":"https:\/\/tvbrazilusa.com\/pt\/wp-json\/wp\/v2\/posts\/114691","targetHints":{"allow":["GET"]}}],"collection":[{"href":"https:\/\/tvbrazilusa.com\/pt\/wp-json\/wp\/v2\/posts"}],"about":[{"href":"https:\/\/tvbrazilusa.com\/pt\/wp-json\/wp\/v2\/types\/post"}],"author":[{"embeddable":true,"href":"https:\/\/tvbrazilusa.com\/pt\/wp-json\/wp\/v2\/users\/1"}],"replies":[{"embeddable":true,"href":"https:\/\/tvbrazilusa.com\/pt\/wp-json\/wp\/v2\/comments?post=114691"}],"version-history":[{"count":1,"href":"https:\/\/tvbrazilusa.com\/pt\/wp-json\/wp\/v2\/posts\/114691\/revisions"}],"predecessor-version":[{"id":114693,"href":"https:\/\/tvbrazilusa.com\/pt\/wp-json\/wp\/v2\/posts\/114691\/revisions\/114693"}],"wp:featuredmedia":[{"embeddable":true,"href":"https:\/\/tvbrazilusa.com\/pt\/wp-json\/wp\/v2\/media\/114692"}],"wp:attachment":[{"href":"https:\/\/tvbrazilusa.com\/pt\/wp-json\/wp\/v2\/media?parent=114691"}],"wp:term":[{"taxonomy":"category","embeddable":true,"href":"https:\/\/tvbrazilusa.com\/pt\/wp-json\/wp\/v2\/categories?post=114691"},{"taxonomy":"post_tag","embeddable":true,"href":"https:\/\/tvbrazilusa.com\/pt\/wp-json\/wp\/v2\/tags?post=114691"}],"curies":[{"name":"wp","href":"https:\/\/api.w.org\/{rel}","templated":true}]}}