{"id":114752,"date":"2025-03-28T20:35:20","date_gmt":"2025-03-28T20:35:20","guid":{"rendered":"https:\/\/tvbrazilusa.com\/2025\/03\/28\/live-de-frei-gilson-atrai-publico-60-vezes-maior-que-a-de-padre-julio\/"},"modified":"2025-03-28T20:35:25","modified_gmt":"2025-03-28T20:35:25","slug":"live-de-frei-gilson-atrai-publico-60-vezes-maior-que-a-de-padre-julio","status":"publish","type":"post","link":"https:\/\/tvbrazilusa.com\/pt\/2025\/03\/28\/live-de-frei-gilson-atrai-publico-60-vezes-maior-que-a-de-padre-julio\/","title":{"rendered":"Live de Frei Gilson atrai p\u00fablico 60 vezes maior que a de Padre J\u00falio"},"content":{"rendered":"<p> <script async src=\"https:\/\/pagead2.googlesyndication.com\/pagead\/js\/adsbygoogle.js?client=ca-pub-8864793242727901\"\r\n     crossorigin=\"anonymous\"><\/script><br \/>\n<\/p>\n<div id=\"taboola-read-more\" style=\"display:block; width:100%\">\n<p>Na manh\u00e3 desta sexta-feira (28), o Frei Gilson e o padre Julio Lancellotti transmitiram ao vivo, em seus perfis no Instagram, as missas que estavam celebrando, e, dado o contexto recente, um fato chamou a aten\u00e7\u00e3o: a diferen\u00e7a de audi\u00eancia entre os dois. Por volta de 7h15, o frei reunia 23,3 mil pessoas em sua p\u00e1gina, enquanto o padre tinha apenas 370 dispositivos o acompanhando.\n<\/p>\n<p>A audi\u00eancia mais de 60 vezes maior no perfil do frei ocorre poucos dias depois de uma controversa declara\u00e7\u00e3o do padre Julio, que em uma missa no dia 16 de mar\u00e7o disse que n\u00e3o ficaria \u201cbrigando por causa de n\u00fameros\u201d, mas logo em seguida falou que marcaria um \u201cter\u00e7o \u00e0s 4h da manh\u00e3\u201d e que juntaria mais de 1 milh\u00e3o de pessoas rezando, n\u00famero que o frei tem alcan\u00e7ado no YouTube.<\/p>\n<p>Na ocasi\u00e3o, por sinal, as declara\u00e7\u00f5es do padre Julio receberam cr\u00edticas nas redes sociais, com diversas pessoas questionando se as falas de Lancellotti seriam uma demonstra\u00e7\u00e3o de inveja dele em rela\u00e7\u00e3o a Frei Gilson.\n<\/p>\n<p>\u2013 Vaidade, santa vaidade! Inveja \u00e9 uma m\u2026..! Falta muito para esse senhor se tornar uma pessoa boa, quando falta paz no cora\u00e7\u00e3o, falta tudo!! \u2013 escreveu o deputado federal Luiz Lima (PL-RJ), nos coment\u00e1rios.\n<\/p>\n<p>Fonte: Pleno News              <\/p>\n<\/div>\n<p><br \/>\n<br \/><a href=\"https:\/\/diariodobrasilnoticias.com.br\/noticia\/live-de-frei-gilson-atrai-publico-60-vezes-maior-que-a-de-padre-julio-67e6e2cdcc11b\">Source link <\/a><\/p>","protected":false},"excerpt":{"rendered":"<p>Na manh\u00e3 desta sexta-feira (28), o Frei Gilson e o padre Julio Lancellotti transmitiram ao vivo, em seus perfis no Instagram, as missas que estavam celebrando, e, dado o contexto&hellip;<\/p>","protected":false},"author":1,"featured_media":114753,"comment_status":"closed","ping_status":"open","sticky":false,"template":"","format":"standard","meta":{"content-type":"","footnotes":""},"categories":[16],"tags":[123,2448,5313,1267],"class_list":["post-114752","post","type-post","status-publish","format-standard","has-post-thumbnail","hentry","category-noticias","tag-brasil","tag-diario","tag-noticia","tag-noticias"],"_links":{"self":[{"href":"https:\/\/tvbrazilusa.com\/pt\/wp-json\/wp\/v2\/posts\/114752","targetHints":{"allow":["GET"]}}],"collection":[{"href":"https:\/\/tvbrazilusa.com\/pt\/wp-json\/wp\/v2\/posts"}],"about":[{"href":"https:\/\/tvbrazilusa.com\/pt\/wp-json\/wp\/v2\/types\/post"}],"author":[{"embeddable":true,"href":"https:\/\/tvbrazilusa.com\/pt\/wp-json\/wp\/v2\/users\/1"}],"replies":[{"embeddable":true,"href":"https:\/\/tvbrazilusa.com\/pt\/wp-json\/wp\/v2\/comments?post=114752"}],"version-history":[{"count":1,"href":"https:\/\/tvbrazilusa.com\/pt\/wp-json\/wp\/v2\/posts\/114752\/revisions"}],"predecessor-version":[{"id":114754,"href":"https:\/\/tvbrazilusa.com\/pt\/wp-json\/wp\/v2\/posts\/114752\/revisions\/114754"}],"wp:featuredmedia":[{"embeddable":true,"href":"https:\/\/tvbrazilusa.com\/pt\/wp-json\/wp\/v2\/media\/114753"}],"wp:attachment":[{"href":"https:\/\/tvbrazilusa.com\/pt\/wp-json\/wp\/v2\/media?parent=114752"}],"wp:term":[{"taxonomy":"category","embeddable":true,"href":"https:\/\/tvbrazilusa.com\/pt\/wp-json\/wp\/v2\/categories?post=114752"},{"taxonomy":"post_tag","embeddable":true,"href":"https:\/\/tvbrazilusa.com\/pt\/wp-json\/wp\/v2\/tags?post=114752"}],"curies":[{"name":"wp","href":"https:\/\/api.w.org\/{rel}","templated":true}]}}