{"id":114758,"date":"2025-03-28T20:59:24","date_gmt":"2025-03-28T20:59:24","guid":{"rendered":"https:\/\/tvbrazilusa.com\/2025\/03\/28\/jornalista-da-globo-diz-que-anistia-passar-pode-haver-retaliacao-do-stf-veja-video\/"},"modified":"2025-03-28T20:59:26","modified_gmt":"2025-03-28T20:59:26","slug":"jornalista-da-globo-diz-que-anistia-passar-pode-haver-retaliacao-do-stf-veja-video","status":"publish","type":"post","link":"https:\/\/tvbrazilusa.com\/pt\/2025\/03\/28\/jornalista-da-globo-diz-que-anistia-passar-pode-haver-retaliacao-do-stf-veja-video\/","title":{"rendered":"Jornalista da Globo diz que anistia passar pode haver retalia\u00e7\u00e3o do STF; VEJA V\u00cdDEO"},"content":{"rendered":"<p> <script async src=\"https:\/\/pagead2.googlesyndication.com\/pagead\/js\/adsbygoogle.js?client=ca-pub-8864793242727901\"\r\n     crossorigin=\"anonymous\"><\/script><br \/>\n<\/p>\n<div id=\"taboola-read-more\" style=\"display:block; width:100%\">\n<p>A jornalista Natuza Nery afirmou durante Central GloboNews que pode acontecer uma retalia\u00e7\u00e3o por parte do Supremo Tribunal Federal (STF) se houver anistia para os presos do 8 de Janeiro.\n<\/p>\n<p><strong>ASSISTA:<\/strong><\/p>\n<div style=\"display: flex; flex-direction: row; justify-content: center; width: 100%;\">\n<blockquote class=\"instagram-media\" style=\"background: #FFF; border: 0; border-radius: 3px; box-shadow: 0 0 1px 0 rgba(0,0,0,0.5),0 1px 10px 0 rgba(0,0,0,0.15); margin: 1px; max-width: 540px; min-width: 326px; padding: 0; width: calc(100% - 2px);\" data-instgrm-captioned=\"\" data-instgrm-permalink=\"https:\/\/www.instagram.com\/reel\/DHwPJnzJT3g\/?utm_source=ig_embed&#038;utm_campaign=loading\" data-instgrm-version=\"14\">\n<div style=\"padding: 16px;\">\n<p>\u00a0<\/p>\n<p>\u00a0<\/p>\n<p>\u00a0<\/p>\n<div style=\"padding-top: 8px;\">\n<p>Ver essa foto no Instagram<\/p>\n<\/div>\n<p>\u00a0<\/p>\n<p>\u00a0<\/p>\n<p>\u00a0<\/p>\n<p style=\"color: #c9c8cd; font-family: Arial,sans-serif; font-size: 14px; line-height: 17px; margin-bottom: 0; margin-top: 8px; overflow: hidden; padding: 8px 0 7px; text-align: center; text-overflow: ellipsis; white-space: nowrap;\"><a style=\"color: #c9c8cd; font-family: Arial,sans-serif; font-size: 14px; font-style: normal; font-weight: normal; line-height: 17px; text-decoration: none;\" href=\"https:\/\/www.instagram.com\/reel\/DHwPJnzJT3g\/?utm_source=ig_embed&#038;utm_campaign=loading\" target=\"_blank\" rel=\"noopener noreferrer\">Uma publica\u00e7\u00e3o compartilhada por Di\u00e1rio Do Brasil Not\u00edcias (@diariodobrasilnoticias_)<\/a>\n<\/p>\n<\/div>\n<\/blockquote>\n<\/div>\n<p>Fonte: Pleno News \/ Instagram              <\/p>\n<\/div>\n<p><script async src=\"\/\/www.instagram.com\/embed.js\"><\/script><br \/>\n<br \/><br \/>\n<br \/><a href=\"https:\/\/diariodobrasilnoticias.com.br\/noticia\/jornalista-da-globo-diz-que-anistia-passar-pode-haver-retaliacao-do-stf-veja-video-67e6e96c8e9c1\">Source link <\/a><\/p>","protected":false},"excerpt":{"rendered":"<p>A jornalista Natuza Nery afirmou durante Central GloboNews que pode acontecer uma retalia\u00e7\u00e3o por parte do Supremo Tribunal Federal (STF) se houver anistia para os presos do 8 de Janeiro.&hellip;<\/p>","protected":false},"author":1,"featured_media":114759,"comment_status":"closed","ping_status":"open","sticky":false,"template":"","format":"standard","meta":{"content-type":"","footnotes":""},"categories":[16],"tags":[123,2448,5313,1267],"class_list":["post-114758","post","type-post","status-publish","format-standard","has-post-thumbnail","hentry","category-noticias","tag-brasil","tag-diario","tag-noticia","tag-noticias"],"_links":{"self":[{"href":"https:\/\/tvbrazilusa.com\/pt\/wp-json\/wp\/v2\/posts\/114758","targetHints":{"allow":["GET"]}}],"collection":[{"href":"https:\/\/tvbrazilusa.com\/pt\/wp-json\/wp\/v2\/posts"}],"about":[{"href":"https:\/\/tvbrazilusa.com\/pt\/wp-json\/wp\/v2\/types\/post"}],"author":[{"embeddable":true,"href":"https:\/\/tvbrazilusa.com\/pt\/wp-json\/wp\/v2\/users\/1"}],"replies":[{"embeddable":true,"href":"https:\/\/tvbrazilusa.com\/pt\/wp-json\/wp\/v2\/comments?post=114758"}],"version-history":[{"count":1,"href":"https:\/\/tvbrazilusa.com\/pt\/wp-json\/wp\/v2\/posts\/114758\/revisions"}],"predecessor-version":[{"id":114760,"href":"https:\/\/tvbrazilusa.com\/pt\/wp-json\/wp\/v2\/posts\/114758\/revisions\/114760"}],"wp:featuredmedia":[{"embeddable":true,"href":"https:\/\/tvbrazilusa.com\/pt\/wp-json\/wp\/v2\/media\/114759"}],"wp:attachment":[{"href":"https:\/\/tvbrazilusa.com\/pt\/wp-json\/wp\/v2\/media?parent=114758"}],"wp:term":[{"taxonomy":"category","embeddable":true,"href":"https:\/\/tvbrazilusa.com\/pt\/wp-json\/wp\/v2\/categories?post=114758"},{"taxonomy":"post_tag","embeddable":true,"href":"https:\/\/tvbrazilusa.com\/pt\/wp-json\/wp\/v2\/tags?post=114758"}],"curies":[{"name":"wp","href":"https:\/\/api.w.org\/{rel}","templated":true}]}}