{"id":114764,"date":"2025-03-28T21:23:27","date_gmt":"2025-03-28T21:23:27","guid":{"rendered":"https:\/\/tvbrazilusa.com\/2025\/03\/28\/por-ciumes-homem-raspa-cabelos-de-namorada-e-a-queima-com-cigarro\/"},"modified":"2025-03-28T21:23:29","modified_gmt":"2025-03-28T21:23:29","slug":"por-ciumes-homem-raspa-cabelos-de-namorada-e-a-queima-com-cigarro","status":"publish","type":"post","link":"https:\/\/tvbrazilusa.com\/pt\/2025\/03\/28\/por-ciumes-homem-raspa-cabelos-de-namorada-e-a-queima-com-cigarro\/","title":{"rendered":"Por ci\u00fames, homem raspa cabelos de namorada e a queima com cigarro"},"content":{"rendered":"<p> <script async src=\"https:\/\/pagead2.googlesyndication.com\/pagead\/js\/adsbygoogle.js?client=ca-pub-8864793242727901\"\r\n     crossorigin=\"anonymous\"><\/script><br \/>\n<\/p>\n<div id=\"taboola-read-more\" style=\"display:block; width:100%\">\n<p>Alegando ter sofrido uma crise de ci\u00fames, o homem, de 28 anos, raspou o cabelo da companheira e a torturou com queimaduras provocadas por cigarros acesos. O ataque teria sido uma forma de vingan\u00e7a, motivado por ci\u00fames, pois ele acreditava que a mulher teria o tra\u00eddo. O suspeito foi preso, nesta sexta-feira (28\/3), em Angra dos Reis, Regi\u00e3o dos Lagos, no Rio de Janeiro.\n<\/p>\n<p>Segundo a Delegacia Especializada de Atendimento \u00e0 Mulher (Deam), o suspeito foi encontrado na casa dele e tentou fugir ao perceber a chegada dos agentes. Ele foi capturado antes de alcan\u00e7ar uma \u00e1rea de mata nos fundos da resid\u00eancia.<\/p>\n<p>De acordo com a Pol\u00edcia Civil, a v\u00edtima procurou a delegacia no dia 3 de mar\u00e7o com diversas les\u00f5es pelo corpo e relatou que havia sido amarrada, torturada e queimada com cigarros pelo companheiro. A Pol\u00edcia Civil informou ainda que o agressor teria raspado o cabelo da mulher como forma de vingan\u00e7a, motivado por ci\u00fames, pois ele acreditava que \u00e0 mulher teria tra\u00eddo ele.\n<\/p>\n<p>Com base nos depoimentos, fotos e \u00e1udios anexados ao inqu\u00e9rito, a Delegada respons\u00e1vel pelo caso solicitou \u00e0 pris\u00e3o preventiva do suspeito, que foi aceita pelo Judici\u00e1rio. O cumprimento do mandado contou com apoio de policiais militares do 33\u00ba Batalh\u00e3o da Pol\u00edcia Militar de Angra dos Reis.\n<\/p>\n<p>O homem foi autuado pelos crimes de tortura, amea\u00e7a, inj\u00faria e les\u00e3o corporal contra mulher com base na Lei Maria da Penha. Ele foi encaminhado ao sistema prisional, onde permanece \u00e0 disposi\u00e7\u00e3o da Justi\u00e7a.\n<\/p>\n<p>Fonte: Metr\u00f3poles              <\/p>\n<\/div>\n<p><br \/>\n<br \/><a href=\"https:\/\/diariodobrasilnoticias.com.br\/noticia\/por-ciumes-homem-raspa-cabelos-de-namorada-e-a-queima-com-cigarro-67e6f44d16f12\">Source link <\/a><\/p>","protected":false},"excerpt":{"rendered":"<p>Alegando ter sofrido uma crise de ci\u00fames, o homem, de 28 anos, raspou o cabelo da companheira e a torturou com queimaduras provocadas por cigarros acesos. O ataque teria sido&hellip;<\/p>","protected":false},"author":1,"featured_media":114765,"comment_status":"closed","ping_status":"open","sticky":false,"template":"","format":"standard","meta":{"content-type":"","footnotes":""},"categories":[16],"tags":[123,2448,5313,1267],"class_list":["post-114764","post","type-post","status-publish","format-standard","has-post-thumbnail","hentry","category-noticias","tag-brasil","tag-diario","tag-noticia","tag-noticias"],"_links":{"self":[{"href":"https:\/\/tvbrazilusa.com\/pt\/wp-json\/wp\/v2\/posts\/114764","targetHints":{"allow":["GET"]}}],"collection":[{"href":"https:\/\/tvbrazilusa.com\/pt\/wp-json\/wp\/v2\/posts"}],"about":[{"href":"https:\/\/tvbrazilusa.com\/pt\/wp-json\/wp\/v2\/types\/post"}],"author":[{"embeddable":true,"href":"https:\/\/tvbrazilusa.com\/pt\/wp-json\/wp\/v2\/users\/1"}],"replies":[{"embeddable":true,"href":"https:\/\/tvbrazilusa.com\/pt\/wp-json\/wp\/v2\/comments?post=114764"}],"version-history":[{"count":1,"href":"https:\/\/tvbrazilusa.com\/pt\/wp-json\/wp\/v2\/posts\/114764\/revisions"}],"predecessor-version":[{"id":114766,"href":"https:\/\/tvbrazilusa.com\/pt\/wp-json\/wp\/v2\/posts\/114764\/revisions\/114766"}],"wp:featuredmedia":[{"embeddable":true,"href":"https:\/\/tvbrazilusa.com\/pt\/wp-json\/wp\/v2\/media\/114765"}],"wp:attachment":[{"href":"https:\/\/tvbrazilusa.com\/pt\/wp-json\/wp\/v2\/media?parent=114764"}],"wp:term":[{"taxonomy":"category","embeddable":true,"href":"https:\/\/tvbrazilusa.com\/pt\/wp-json\/wp\/v2\/categories?post=114764"},{"taxonomy":"post_tag","embeddable":true,"href":"https:\/\/tvbrazilusa.com\/pt\/wp-json\/wp\/v2\/tags?post=114764"}],"curies":[{"name":"wp","href":"https:\/\/api.w.org\/{rel}","templated":true}]}}