{"id":114767,"date":"2025-03-28T21:37:53","date_gmt":"2025-03-28T21:37:53","guid":{"rendered":"https:\/\/tvbrazilusa.com\/2025\/03\/28\/policia-prende-7-membros-do-cv-por-ataques-a-servidores-de-internet-no-ce\/"},"modified":"2025-03-28T21:37:54","modified_gmt":"2025-03-28T21:37:54","slug":"policia-prende-7-membros-do-cv-por-ataques-a-servidores-de-internet-no-ce","status":"publish","type":"post","link":"https:\/\/tvbrazilusa.com\/pt\/2025\/03\/28\/policia-prende-7-membros-do-cv-por-ataques-a-servidores-de-internet-no-ce\/","title":{"rendered":"Pol\u00edcia prende 7 membros do CV por ataques a servidores de internet no CE"},"content":{"rendered":"<p> <script async src=\"https:\/\/pagead2.googlesyndication.com\/pagead\/js\/adsbygoogle.js?client=ca-pub-8864793242727901\"\r\n     crossorigin=\"anonymous\"><\/script><br \/>\n<\/p>\n<div id=\"taboola-read-more\" style=\"display:block; width:100%\">\n<p>O Minist\u00e9rio P\u00fablico do Estado do Cear\u00e1 (MPCE), por meio do Grupo de Combate \u00e0s Organiza\u00e7\u00f5es Criminosas (Gaeco), deflagrou a pris\u00e3o de sete criminosos do Comando Vermelho (CV) suspeitos de promover ataques contra empresas provedoras de internet no munic\u00edpio de Caridade, no interior do Cear\u00e1. As deten\u00e7\u00f5es ocorreram nessa quinta-feira (27\/3).\n<\/p>\n<p>Ao todo, s\u00e3o cumpridos 10 mandados de pris\u00e3o tempor\u00e1ria e 16 mandados de busca e apreens\u00e3o, expedidos pela Vara de Delitos de Organiza\u00e7\u00f5es Criminosas do Estado do Cear\u00e1.<\/p>\n<p>A investiga\u00e7\u00e3o, conforme o MPCE, iniciou-se a partir do recebimento de um relat\u00f3rio encaminhado pela Pol\u00edcia Militar (PM). Segundo o documento, a fac\u00e7\u00e3o criminosa passou a exigir \u00e0s empresas pagamentos mensais no valor de R$ 20 por cliente, sob pena de repres\u00e1lias.\n<\/p>\n<p><strong>Ap\u00f3s a negativa dos empres\u00e1rios em atender \u00e0 exig\u00eancia, atos de vandalismo e depreda\u00e7\u00e3o foram registrados, incluindo a destrui\u00e7\u00e3o de caixas de transmiss\u00e3o, antenas e redes de fibra \u00f3ptica.<\/strong>\n<\/p>\n<p>O \u00f3rg\u00e3o afirma que os crimes ocorreram, na maioria das vezes, no per\u00edodo da madrugada, especialmente ap\u00f3s a meia-noite, beneficiando-se da menor circula\u00e7\u00e3o de pessoas nos locais e, consequentemente, da aus\u00eancia da pol\u00edcia.\n<\/p>\n<p>\u201cOs agentes de seguran\u00e7a p\u00fablica conseguiram identificar os principais suspeitos com base em informa\u00e7\u00f5es colhidas durante as diversas dilig\u00eancias realizadas\u201d, diz o MPCE.\n<\/p>\n<p>Em 12 de mar\u00e7o, a Pol\u00edcia Civil do Cear\u00e1 (PCCE) efetuou a pris\u00e3o de 17 suspeitos por envolvimento nos ataques realizados em Fortaleza, capital do estado, Caucaia, Horizonte e S\u00e3o Gon\u00e7alo do Amarante.\n<\/p>\n<p>As pris\u00f5es fazem parte da opera\u00e7\u00e3o \u201cDyanamos\u201d, que tem o objetivo de desarticular o grupo suspeito de promover extors\u00e3o, amea\u00e7as e danos materiais a equipamentos de telecomunica\u00e7\u00e3o de empresas provedoras de internet nos munic\u00edpios da Caridade, Paramoti e localidades pr\u00f3ximas.\n<\/p>\n<p><strong>Provedor encerra atividades ap\u00f3s vandalismo<\/strong><br \/>O provedor de internet \u201cGPX Telecom\u201d, que funcionou durante nove anos em Caucaia, anunciou que decidiu encerrar as atividades ap\u00f3s ter tido os equipamentos destru\u00eddos por criminosos da fac\u00e7\u00e3o criminosa.\n<\/p>\n<p><strong>\u201cInfelizmente, em meros 20 minutos, atos de vandalismo devastaram tudo o que constru\u00edmos com tanto esfor\u00e7o e comprometimento, levando-nos a tomar a dif\u00edcil decis\u00e3o de encerrar nossas opera\u00e7\u00f5es\u201d, disse o provedor, por meio de nota.<\/strong>\n<\/p>\n<p>Desde fevereiro, Fortaleza e outros tr\u00eas munic\u00edpios cearenses foram impactados por ataques por integrantes do CV. No per\u00edodo, ao menos cinco empresas foram afetadas, ficando impossibilitadas de fornecer a conex\u00e3o normal de internet para partes dos clientes.\n<\/p>\n<p>Desde 22 fevereiro, o estado registrou, pelo menos, oito ataques, como corte de cabos de internet, inc\u00eandio de ve\u00edculos e tiros contra as sedes das empresas.\n<\/p>\n<p>Fonte: Metr\u00f3poles              <\/p>\n<\/div>\n<p><br \/>\n<br \/><a href=\"https:\/\/diariodobrasilnoticias.com.br\/noticia\/policia-prende-7-membros-do-cv-por-ataques-a-servidores-de-internet-no-ce-67e6f4ce3d711\">Source link <\/a><\/p>","protected":false},"excerpt":{"rendered":"<p>O Minist\u00e9rio P\u00fablico do Estado do Cear\u00e1 (MPCE), por meio do Grupo de Combate \u00e0s Organiza\u00e7\u00f5es Criminosas (Gaeco), deflagrou a pris\u00e3o de sete criminosos do Comando Vermelho (CV) suspeitos de&hellip;<\/p>","protected":false},"author":1,"featured_media":114768,"comment_status":"closed","ping_status":"open","sticky":false,"template":"","format":"standard","meta":{"content-type":"","footnotes":""},"categories":[16],"tags":[123,2448,5313,1267],"class_list":["post-114767","post","type-post","status-publish","format-standard","has-post-thumbnail","hentry","category-noticias","tag-brasil","tag-diario","tag-noticia","tag-noticias"],"_links":{"self":[{"href":"https:\/\/tvbrazilusa.com\/pt\/wp-json\/wp\/v2\/posts\/114767","targetHints":{"allow":["GET"]}}],"collection":[{"href":"https:\/\/tvbrazilusa.com\/pt\/wp-json\/wp\/v2\/posts"}],"about":[{"href":"https:\/\/tvbrazilusa.com\/pt\/wp-json\/wp\/v2\/types\/post"}],"author":[{"embeddable":true,"href":"https:\/\/tvbrazilusa.com\/pt\/wp-json\/wp\/v2\/users\/1"}],"replies":[{"embeddable":true,"href":"https:\/\/tvbrazilusa.com\/pt\/wp-json\/wp\/v2\/comments?post=114767"}],"version-history":[{"count":1,"href":"https:\/\/tvbrazilusa.com\/pt\/wp-json\/wp\/v2\/posts\/114767\/revisions"}],"predecessor-version":[{"id":114769,"href":"https:\/\/tvbrazilusa.com\/pt\/wp-json\/wp\/v2\/posts\/114767\/revisions\/114769"}],"wp:featuredmedia":[{"embeddable":true,"href":"https:\/\/tvbrazilusa.com\/pt\/wp-json\/wp\/v2\/media\/114768"}],"wp:attachment":[{"href":"https:\/\/tvbrazilusa.com\/pt\/wp-json\/wp\/v2\/media?parent=114767"}],"wp:term":[{"taxonomy":"category","embeddable":true,"href":"https:\/\/tvbrazilusa.com\/pt\/wp-json\/wp\/v2\/categories?post=114767"},{"taxonomy":"post_tag","embeddable":true,"href":"https:\/\/tvbrazilusa.com\/pt\/wp-json\/wp\/v2\/tags?post=114767"}],"curies":[{"name":"wp","href":"https:\/\/api.w.org\/{rel}","templated":true}]}}