{"id":114770,"date":"2025-03-28T21:49:15","date_gmt":"2025-03-28T21:49:15","guid":{"rendered":"https:\/\/tvbrazilusa.com\/2025\/03\/28\/aviao-agricola-cai-no-interior-de-sp-e-fica-destruido-piloto-morreu\/"},"modified":"2025-03-28T21:49:20","modified_gmt":"2025-03-28T21:49:20","slug":"aviao-agricola-cai-no-interior-de-sp-e-fica-destruido-piloto-morreu","status":"publish","type":"post","link":"https:\/\/tvbrazilusa.com\/pt\/2025\/03\/28\/aviao-agricola-cai-no-interior-de-sp-e-fica-destruido-piloto-morreu\/","title":{"rendered":"Avi\u00e3o agr\u00edcola cai no interior de SP e fica destru\u00eddo; piloto morreu"},"content":{"rendered":"<p> <script async src=\"https:\/\/pagead2.googlesyndication.com\/pagead\/js\/adsbygoogle.js?client=ca-pub-8864793242727901\"\r\n     crossorigin=\"anonymous\"><\/script><br \/>\n<\/p>\n<div id=\"taboola-read-more\" style=\"display:block; width:100%\">\n<p>Um avi\u00e3o agr\u00edcola caiu na manh\u00e3 desta sexta-feira (28), na regi\u00e3o de Gua\u00edra, no interior de S\u00e3o Paulo. De acordo com a Defesa Civil do Estado, o piloto, Josias Pereira Lemes, de 52 anos, n\u00e3o sobreviveu.\n<\/p>\n<p>Segundo os bombeiros, a aeronave colidiu com uma torre de energia. O acidente ocorreu por volta das 7 horas em canavial situado na Rodovia Assis Chateaubriand (SP-425), entre os quil\u00f4metros 39 e 40, no bairro Rural.<\/p>\n<p>O munic\u00edpio fica localizado a cerca de 265 quil\u00f4metros da capital paulista. Equipes da Pol\u00edcia Militar e do Corpo de Bombeiros ainda est\u00e3o no local.\n<\/p>\n<p>O avi\u00e3o realizava um trabalho de pulveriza\u00e7\u00e3o de agrot\u00f3xicos no momento do acidente, conforme informou a Prefeitura de Gua\u00edra.\n<\/p>\n<p>O Grupo Precis\u00e3o, ao qual e empresa de avia\u00e7\u00e3o Ja\u00edba Avia\u00e7\u00e3o Agr\u00edcola \u00e9 subordina, divulgou nota de pesar.\n<\/p>\n<p>\u2013 Destaca-se a qualidade de um profissional experiente e querido por todos na empresa, sua partida deixa um v\u00e1cuo imposs\u00edvel de ser preenchido em seus c\u00edrculos de amigos e colegas \u2013 diz a nota.\n<\/p>\n<p>No comunicado, o grupo diz ainda ser\u00e1 feita uma apura\u00e7\u00e3o sobre as causas do acidente pelo Quarto Servi\u00e7o Regional de Investiga\u00e7\u00e3o e Preven\u00e7\u00e3o de Acidentes Aeron\u00e1uticos (Seripa 4).\n<\/p>\n<p>Fonte: Pleno News              <\/p>\n<\/div>\n<p><br \/>\n<br \/><a href=\"https:\/\/diariodobrasilnoticias.com.br\/noticia\/aviao-agricola-cai-no-interior-de-sp-e-fica-destruido-piloto-morreu-67e6f5c83ad16\">Source link <\/a><\/p>","protected":false},"excerpt":{"rendered":"<p>Um avi\u00e3o agr\u00edcola caiu na manh\u00e3 desta sexta-feira (28), na regi\u00e3o de Gua\u00edra, no interior de S\u00e3o Paulo. De acordo com a Defesa Civil do Estado, o piloto, Josias Pereira&hellip;<\/p>","protected":false},"author":1,"featured_media":114771,"comment_status":"closed","ping_status":"open","sticky":false,"template":"","format":"standard","meta":{"content-type":"","footnotes":""},"categories":[16],"tags":[123,2448,5313,1267],"class_list":["post-114770","post","type-post","status-publish","format-standard","has-post-thumbnail","hentry","category-noticias","tag-brasil","tag-diario","tag-noticia","tag-noticias"],"_links":{"self":[{"href":"https:\/\/tvbrazilusa.com\/pt\/wp-json\/wp\/v2\/posts\/114770","targetHints":{"allow":["GET"]}}],"collection":[{"href":"https:\/\/tvbrazilusa.com\/pt\/wp-json\/wp\/v2\/posts"}],"about":[{"href":"https:\/\/tvbrazilusa.com\/pt\/wp-json\/wp\/v2\/types\/post"}],"author":[{"embeddable":true,"href":"https:\/\/tvbrazilusa.com\/pt\/wp-json\/wp\/v2\/users\/1"}],"replies":[{"embeddable":true,"href":"https:\/\/tvbrazilusa.com\/pt\/wp-json\/wp\/v2\/comments?post=114770"}],"version-history":[{"count":1,"href":"https:\/\/tvbrazilusa.com\/pt\/wp-json\/wp\/v2\/posts\/114770\/revisions"}],"predecessor-version":[{"id":114772,"href":"https:\/\/tvbrazilusa.com\/pt\/wp-json\/wp\/v2\/posts\/114770\/revisions\/114772"}],"wp:featuredmedia":[{"embeddable":true,"href":"https:\/\/tvbrazilusa.com\/pt\/wp-json\/wp\/v2\/media\/114771"}],"wp:attachment":[{"href":"https:\/\/tvbrazilusa.com\/pt\/wp-json\/wp\/v2\/media?parent=114770"}],"wp:term":[{"taxonomy":"category","embeddable":true,"href":"https:\/\/tvbrazilusa.com\/pt\/wp-json\/wp\/v2\/categories?post=114770"},{"taxonomy":"post_tag","embeddable":true,"href":"https:\/\/tvbrazilusa.com\/pt\/wp-json\/wp\/v2\/tags?post=114770"}],"curies":[{"name":"wp","href":"https:\/\/api.w.org\/{rel}","templated":true}]}}