{"id":114843,"date":"2025-03-29T01:34:12","date_gmt":"2025-03-29T01:34:12","guid":{"rendered":"https:\/\/tvbrazilusa.com\/2025\/03\/29\/em-paris-janja-negocia-parceria-para-vacina-com-organizacao\/"},"modified":"2025-03-29T01:34:14","modified_gmt":"2025-03-29T01:34:14","slug":"em-paris-janja-negocia-parceria-para-vacina-com-organizacao","status":"publish","type":"post","link":"https:\/\/tvbrazilusa.com\/pt\/2025\/03\/29\/em-paris-janja-negocia-parceria-para-vacina-com-organizacao\/","title":{"rendered":"Em Paris, Janja negocia parceria para vacina com organiza\u00e7\u00e3o"},"content":{"rendered":"<p> <script async src=\"https:\/\/pagead2.googlesyndication.com\/pagead\/js\/adsbygoogle.js?client=ca-pub-8864793242727901\"\r\n     crossorigin=\"anonymous\"><\/script><br \/>\n<\/p>\n<div id=\"taboola-read-more\" style=\"display:block; width:100%\">\n<p>Nesta sexta-feira (28), a primeira-dama, Janja da Silva, se encontrou com a CEO da Alian\u00e7a Mundial para Vacinas e Imuniza\u00e7\u00e3o (Gavi), Sania Nishtar. A esposa de Lula (PT) est\u00e1 em Paris para a C\u00fapula do NG4 (Nutri\u00e7\u00e3o para o Crescimento).\n<\/p>\n<p>A Gavi foi criada pelo bilion\u00e1rio americano Bill Gates. A funda\u00e7\u00e3o re\u00fane o setor p\u00fablico e privado para vacinar crian\u00e7as contra doen\u00e7as mortais e debilitantes.<\/p>\n<p>A organiza\u00e7\u00e3o tamb\u00e9m possui acordos com o Brasil em produ\u00e7\u00e3o de vacinas. No Instagram, que segue privado, Janja destacou que sua conversa com Nishtar reafirmou a parceria com o pa\u00eds e o \u201ccompromisso com a sa\u00fade p\u00fablica\u201d.\u00a0\n<\/p>\n<p>Fonte: Poder 360              <\/p>\n<\/div>\n<p><br \/>\n<br \/><a href=\"https:\/\/diariodobrasilnoticias.com.br\/noticia\/em-paris-janja-negocia-parceria-para-vacina-com-organizacao-67e72a35c2496\">Source link <\/a><\/p>","protected":false},"excerpt":{"rendered":"<p>Nesta sexta-feira (28), a primeira-dama, Janja da Silva, se encontrou com a CEO da Alian\u00e7a Mundial para Vacinas e Imuniza\u00e7\u00e3o (Gavi), Sania Nishtar. A esposa de Lula (PT) est\u00e1 em&hellip;<\/p>","protected":false},"author":1,"featured_media":114844,"comment_status":"closed","ping_status":"open","sticky":false,"template":"","format":"standard","meta":{"content-type":"","footnotes":""},"categories":[16],"tags":[123,2448,5313,1267],"class_list":["post-114843","post","type-post","status-publish","format-standard","has-post-thumbnail","hentry","category-noticias","tag-brasil","tag-diario","tag-noticia","tag-noticias"],"_links":{"self":[{"href":"https:\/\/tvbrazilusa.com\/pt\/wp-json\/wp\/v2\/posts\/114843","targetHints":{"allow":["GET"]}}],"collection":[{"href":"https:\/\/tvbrazilusa.com\/pt\/wp-json\/wp\/v2\/posts"}],"about":[{"href":"https:\/\/tvbrazilusa.com\/pt\/wp-json\/wp\/v2\/types\/post"}],"author":[{"embeddable":true,"href":"https:\/\/tvbrazilusa.com\/pt\/wp-json\/wp\/v2\/users\/1"}],"replies":[{"embeddable":true,"href":"https:\/\/tvbrazilusa.com\/pt\/wp-json\/wp\/v2\/comments?post=114843"}],"version-history":[{"count":1,"href":"https:\/\/tvbrazilusa.com\/pt\/wp-json\/wp\/v2\/posts\/114843\/revisions"}],"predecessor-version":[{"id":114845,"href":"https:\/\/tvbrazilusa.com\/pt\/wp-json\/wp\/v2\/posts\/114843\/revisions\/114845"}],"wp:featuredmedia":[{"embeddable":true,"href":"https:\/\/tvbrazilusa.com\/pt\/wp-json\/wp\/v2\/media\/114844"}],"wp:attachment":[{"href":"https:\/\/tvbrazilusa.com\/pt\/wp-json\/wp\/v2\/media?parent=114843"}],"wp:term":[{"taxonomy":"category","embeddable":true,"href":"https:\/\/tvbrazilusa.com\/pt\/wp-json\/wp\/v2\/categories?post=114843"},{"taxonomy":"post_tag","embeddable":true,"href":"https:\/\/tvbrazilusa.com\/pt\/wp-json\/wp\/v2\/tags?post=114843"}],"curies":[{"name":"wp","href":"https:\/\/api.w.org\/{rel}","templated":true}]}}