{"id":114846,"date":"2025-03-29T01:48:54","date_gmt":"2025-03-29T01:48:54","guid":{"rendered":"https:\/\/tvbrazilusa.com\/2025\/03\/29\/lider-do-pt-aciona-pgr-contra-van-hattem-por-critica-ao-stf\/"},"modified":"2025-03-29T01:48:55","modified_gmt":"2025-03-29T01:48:55","slug":"lider-do-pt-aciona-pgr-contra-van-hattem-por-critica-ao-stf","status":"publish","type":"post","link":"https:\/\/tvbrazilusa.com\/pt\/2025\/03\/29\/lider-do-pt-aciona-pgr-contra-van-hattem-por-critica-ao-stf\/","title":{"rendered":"L\u00edder do PT aciona PGR contra Van Hattem por cr\u00edtica ao STF"},"content":{"rendered":"<p> <script async src=\"https:\/\/pagead2.googlesyndication.com\/pagead\/js\/adsbygoogle.js?client=ca-pub-8864793242727901\"\r\n     crossorigin=\"anonymous\"><\/script><br \/>\n<\/p>\n<div id=\"taboola-read-more\" style=\"display:block; width:100%\">\n<p>O l\u00edder do Partido dos Trabalhadores (PT) na C\u00e2mara dos Deputados, Lindbergh Farias (RJ), encaminhou uma representa\u00e7\u00e3o criminal contra o deputado federal Marcel Van Hattem (Novo-RS) na Procuradoria-Geral da Rep\u00fablica (PGR), nesta sexta-feira (28), pelo que chamou de \u201cdiscurso de \u00f3dio\u201d contra autoridades do Supremo Tribunal Federal (STF).\n<\/p>\n<p>Na pe\u00e7a, Lindbergh reproduz o discurso proferido por Van Hattem na tribuna do plen\u00e1rio da C\u00e2mara, nesta quinta-feira (27), em que diz que \u201co que est\u00e3o fazendo no STF hoje \u00e9 coisa de mafioso\u201d e que \u201ca organiza\u00e7\u00e3o que hoje est\u00e1 no STF \u00e9 mafiosa\u201d. O parlamentar se referia ao julgamento da Primeira Turma do Supremo que decidiu receber a den\u00fancia da PGR contra o ex-presidente Jair Bolsonaro (PL) por suposta tentativa de golpe de Estado.<\/p>\n<p>Na ocasi\u00e3o, Van Hattem pediu ainda que o Senado aprove o impeachment \u201cdesses criminosos, mafiosos, que est\u00e3o hoje no Supremo Tribunal Federal\u201d. O deputado do Novo tamb\u00e9m se referiu ao ministro Alexandre de Moraes como \u201ccruel\u201d e \u201ccovarde\u201d.\n<\/p>\n<p>Lindbergh afirma que o discurso representa \u201cuma rea\u00e7\u00e3o tresloucada, autorit\u00e1ria, soberba, totalmente incompat\u00edvel com as altaneiras responsabilidades de um deputado federal\u201d. Segundo ele, h\u00e1 configura\u00e7\u00e3o de crime contra a honra dos ministros da Corte.\n<\/p>\n<p>Al\u00e9m disso, alega que \u201cos ataques perpetrados pelo representado n\u00e3o est\u00e3o amparados no direito constitucional fundamental da liberdade de express\u00e3o ou na imunidade parlamentar material, na medida em que tipificam discurso de \u00f3dio contra autoridades e institui\u00e7\u00f5es democr\u00e1ticas\u201d.\n<\/p>\n<p>Fonte: Pleno News              <\/p>\n<\/div>\n<p><br \/>\n<br \/><a href=\"https:\/\/diariodobrasilnoticias.com.br\/noticia\/lider-do-pt-aciona-pgr-contra-van-hattem-por-critica-ao-stf-67e72adc2b844\">Source link <\/a><\/p>","protected":false},"excerpt":{"rendered":"<p>O l\u00edder do Partido dos Trabalhadores (PT) na C\u00e2mara dos Deputados, Lindbergh Farias (RJ), encaminhou uma representa\u00e7\u00e3o criminal contra o deputado federal Marcel Van Hattem (Novo-RS) na Procuradoria-Geral da Rep\u00fablica&hellip;<\/p>","protected":false},"author":1,"featured_media":114847,"comment_status":"closed","ping_status":"open","sticky":false,"template":"","format":"standard","meta":{"content-type":"","footnotes":""},"categories":[16],"tags":[123,2448,5313,1267],"class_list":["post-114846","post","type-post","status-publish","format-standard","has-post-thumbnail","hentry","category-noticias","tag-brasil","tag-diario","tag-noticia","tag-noticias"],"_links":{"self":[{"href":"https:\/\/tvbrazilusa.com\/pt\/wp-json\/wp\/v2\/posts\/114846","targetHints":{"allow":["GET"]}}],"collection":[{"href":"https:\/\/tvbrazilusa.com\/pt\/wp-json\/wp\/v2\/posts"}],"about":[{"href":"https:\/\/tvbrazilusa.com\/pt\/wp-json\/wp\/v2\/types\/post"}],"author":[{"embeddable":true,"href":"https:\/\/tvbrazilusa.com\/pt\/wp-json\/wp\/v2\/users\/1"}],"replies":[{"embeddable":true,"href":"https:\/\/tvbrazilusa.com\/pt\/wp-json\/wp\/v2\/comments?post=114846"}],"version-history":[{"count":1,"href":"https:\/\/tvbrazilusa.com\/pt\/wp-json\/wp\/v2\/posts\/114846\/revisions"}],"predecessor-version":[{"id":114848,"href":"https:\/\/tvbrazilusa.com\/pt\/wp-json\/wp\/v2\/posts\/114846\/revisions\/114848"}],"wp:featuredmedia":[{"embeddable":true,"href":"https:\/\/tvbrazilusa.com\/pt\/wp-json\/wp\/v2\/media\/114847"}],"wp:attachment":[{"href":"https:\/\/tvbrazilusa.com\/pt\/wp-json\/wp\/v2\/media?parent=114846"}],"wp:term":[{"taxonomy":"category","embeddable":true,"href":"https:\/\/tvbrazilusa.com\/pt\/wp-json\/wp\/v2\/categories?post=114846"},{"taxonomy":"post_tag","embeddable":true,"href":"https:\/\/tvbrazilusa.com\/pt\/wp-json\/wp\/v2\/tags?post=114846"}],"curies":[{"name":"wp","href":"https:\/\/api.w.org\/{rel}","templated":true}]}}