{"id":114849,"date":"2025-03-29T02:00:30","date_gmt":"2025-03-29T02:00:30","guid":{"rendered":"https:\/\/tvbrazilusa.com\/2025\/03\/29\/mendonca-vota-a-favor-da-liberdade-condicional-de-silveira\/"},"modified":"2025-03-29T02:00:32","modified_gmt":"2025-03-29T02:00:32","slug":"mendonca-vota-a-favor-da-liberdade-condicional-de-silveira","status":"publish","type":"post","link":"https:\/\/tvbrazilusa.com\/pt\/2025\/03\/29\/mendonca-vota-a-favor-da-liberdade-condicional-de-silveira\/","title":{"rendered":"Mendon\u00e7a vota a favor da liberdade condicional de Silveira"},"content":{"rendered":"<p> <script async src=\"https:\/\/pagead2.googlesyndication.com\/pagead\/js\/adsbygoogle.js?client=ca-pub-8864793242727901\"\r\n     crossorigin=\"anonymous\"><\/script><br \/>\n<\/p>\n<div id=\"taboola-read-more\" style=\"display:block; width:100%\">\n<p>O ministro do Supremo Tribunal Federal (STF) Andr\u00e9 Mendon\u00e7a votou a favor de conceder novamente liberdade condicional ao ex-deputado Daniel Silveira, divergindo do relator Alexandre de Moraes.\n<\/p>\n<p>Em dezembro de 2024, Silveira voltou \u00e0 pris\u00e3o ap\u00f3s apenas quatro dias de liberdade condicional. O ex-deputado teria descumprido as condi\u00e7\u00f5es impostas pelo Supremo.<\/p>\n<p>Segundo Mendon\u00e7a, por\u00e9m, as justificativas apresentadas pela defesa para o descumprimento s\u00e3o \u201cveross\u00edmeis\u201d, e a Suprema Corte n\u00e3o forneceu elementos suficientes para refutar as argumenta\u00e7\u00f5es.\n<\/p>\n<p>\u201cNesse contexto, a desconsidera\u00e7\u00e3o das justificativas apresentadas pelo agravante demandaria a apresenta\u00e7\u00e3o de elementos capazes de infirmar o ju\u00edzo de verossimilhan\u00e7a acima apontado, quebrando a asser\u00e7\u00e3o dele decorrente. Com as devidas v\u00eanias, na aus\u00eancia desses elementos, a justificativa h\u00e1 que prevalecer\u201d, afirmou.\n<\/p>\n<p>O ministro afirmou ainda que, em caso de d\u00favida sobre as alega\u00e7\u00f5es da defesa, o r\u00e9u deve ser favorecido.\n<\/p>\n<p>O recurso de Silveira contra a decis\u00e3o que revogou sua liberdade condicional est\u00e1 em an\u00e1lise do plen\u00e1rio virtual do Supremo. As vota\u00e7\u00f5es se encerram \u00e0s 23h59 desta sexta-feira (28).\n<\/p>\n<p>O placar da a\u00e7\u00e3o est\u00e1 9\u00d71 a favor de manter a pris\u00e3o do ex-deputado. Como j\u00e1 foi formada a maioria, a diverg\u00eancia de Andr\u00e9 Mendon\u00e7a n\u00e3o tem efeitos pr\u00e1ticos. Daniel Silveira continuar\u00e1 preso.\n<\/p>\n<p>Entenda<br \/>Em dezembro, Moraes concedeu liberdade condicional a Silveira. Na decis\u00e3o, o ministro determinou condi\u00e7\u00f5es como o uso de tornozeleira eletr\u00f4nica e estar em casa no per\u00edodo noturno, das 22h \u00e0s 6h.\n<\/p>\n<p>Quatro dias depois, o benef\u00edcio foi revogado e Silveira voltou ao regime fechado por violar o toque de recolher.\n<\/p>\n<p>Segundo Moraes, o ex-deputado desrespeitou essa condi\u00e7\u00e3o ao retornar para casa \u00e0s 2h10 do dia 22\/12, ou seja, mais de quatro horas depois hor\u00e1rio limite.\n<\/p>\n<p>Em audi\u00eancia, a defesa alegou que Silveira teve uma emerg\u00eancia e precisou ir ao hospital.\n<\/p>\n<p>No entanto, o registro da tornozeleira eletr\u00f4nica mostrou que o ex-deputado esteve em um hospital somente at\u00e9 00h44. Ao sair do local, dirigiu-se a um condom\u00ednio em Bras\u00edlia, onde permaneceu at\u00e9 01h54.\n<\/p>\n<p>Essas informa\u00e7\u00f5es foram inicialmente omitidas pela defesa. Ao ser questionada, alegou que o tempo extra fora de casa, al\u00e9m do per\u00edodo que estava no hospital, se deu por demora no deslocamento, j\u00e1 que morava longe e estava chovendo no dia.\n<\/p>\n<p>Disse ainda que foi buscar a esposa em outro endere\u00e7o para acompanh\u00e1-lo, deixando-a depois no condom\u00ednio em Bras\u00edlia.\n<\/p>\n<p>Fonte: CNN Brasil              <\/p>\n<\/div>\n<p><br \/>\n<br \/><a href=\"https:\/\/diariodobrasilnoticias.com.br\/noticia\/mendonca-vota-a-favor-da-liberdade-condicional-de-silveira-67e72bbfbc266\">Source link <\/a><\/p>","protected":false},"excerpt":{"rendered":"<p>O ministro do Supremo Tribunal Federal (STF) Andr\u00e9 Mendon\u00e7a votou a favor de conceder novamente liberdade condicional ao ex-deputado Daniel Silveira, divergindo do relator Alexandre de Moraes. Em dezembro de&hellip;<\/p>","protected":false},"author":1,"featured_media":114850,"comment_status":"closed","ping_status":"open","sticky":false,"template":"","format":"standard","meta":{"content-type":"","footnotes":""},"categories":[16],"tags":[123,2448,5313,1267],"class_list":["post-114849","post","type-post","status-publish","format-standard","has-post-thumbnail","hentry","category-noticias","tag-brasil","tag-diario","tag-noticia","tag-noticias"],"_links":{"self":[{"href":"https:\/\/tvbrazilusa.com\/pt\/wp-json\/wp\/v2\/posts\/114849","targetHints":{"allow":["GET"]}}],"collection":[{"href":"https:\/\/tvbrazilusa.com\/pt\/wp-json\/wp\/v2\/posts"}],"about":[{"href":"https:\/\/tvbrazilusa.com\/pt\/wp-json\/wp\/v2\/types\/post"}],"author":[{"embeddable":true,"href":"https:\/\/tvbrazilusa.com\/pt\/wp-json\/wp\/v2\/users\/1"}],"replies":[{"embeddable":true,"href":"https:\/\/tvbrazilusa.com\/pt\/wp-json\/wp\/v2\/comments?post=114849"}],"version-history":[{"count":1,"href":"https:\/\/tvbrazilusa.com\/pt\/wp-json\/wp\/v2\/posts\/114849\/revisions"}],"predecessor-version":[{"id":114851,"href":"https:\/\/tvbrazilusa.com\/pt\/wp-json\/wp\/v2\/posts\/114849\/revisions\/114851"}],"wp:featuredmedia":[{"embeddable":true,"href":"https:\/\/tvbrazilusa.com\/pt\/wp-json\/wp\/v2\/media\/114850"}],"wp:attachment":[{"href":"https:\/\/tvbrazilusa.com\/pt\/wp-json\/wp\/v2\/media?parent=114849"}],"wp:term":[{"taxonomy":"category","embeddable":true,"href":"https:\/\/tvbrazilusa.com\/pt\/wp-json\/wp\/v2\/categories?post=114849"},{"taxonomy":"post_tag","embeddable":true,"href":"https:\/\/tvbrazilusa.com\/pt\/wp-json\/wp\/v2\/tags?post=114849"}],"curies":[{"name":"wp","href":"https:\/\/api.w.org\/{rel}","templated":true}]}}