{"id":114852,"date":"2025-03-29T02:13:32","date_gmt":"2025-03-29T02:13:32","guid":{"rendered":"https:\/\/tvbrazilusa.com\/2025\/03\/29\/dallagnol-destaca-a-animosidade-pessoal-de-dino-em-relacao-a-bolsonaro\/"},"modified":"2025-03-29T02:13:34","modified_gmt":"2025-03-29T02:13:34","slug":"dallagnol-destaca-a-animosidade-pessoal-de-dino-em-relacao-a-bolsonaro","status":"publish","type":"post","link":"https:\/\/tvbrazilusa.com\/pt\/2025\/03\/29\/dallagnol-destaca-a-animosidade-pessoal-de-dino-em-relacao-a-bolsonaro\/","title":{"rendered":"Dallagnol destaca a animosidade pessoal de Dino em rela\u00e7\u00e3o a Bolsonaro"},"content":{"rendered":"<p> <script async src=\"https:\/\/pagead2.googlesyndication.com\/pagead\/js\/adsbygoogle.js?client=ca-pub-8864793242727901\"\r\n     crossorigin=\"anonymous\"><\/script><br \/>\n<\/p>\n<div id=\"taboola-read-more\" style=\"display:block; width:100%\">\n<p>Nesta quinta-feira (27), o ex-deputado federal Deltan Dallagnol (Podemos-PR) disse que o ministro do Supremo Tribunal Federal (STF), Fl\u00e1vio Dino, mostrou \u201canimosidade pessoal\u201d em rela\u00e7\u00e3o ao ex-presidente Jair Bolsonaro (PL). Na rede social X, ele listou publica\u00e7\u00f5es nas quais Dino ataca o l\u00edder conservador.\n<\/p>\n<p>Bolsonaro tornou-se, na \u00faltima quarta (26), r\u00e9u no julgamento pelos atos do 8 de janeiro.\u00a0<\/p>\n<p>Encontrei 15 tu\u00edtes do ministro do STF Fl\u00e1vio Dino atacando e criticando Bolsonaro. Os tu\u00edtes mostram animosidade pessoal em rela\u00e7\u00e3o ao hoje r\u00e9u Bolsonaro, que est\u00e1 sendo julgado pelo ministro Dino. Dino n\u00e3o apagou os tu\u00edtes e os mant\u00eam no ar at\u00e9 hoje \u2013 destacou Dallagnol.\n<\/p>\n<p>Fonte: Pleno News              <\/p>\n<\/div>\n<p><br \/>\n<br \/><a href=\"https:\/\/diariodobrasilnoticias.com.br\/noticia\/dallagnol-destaca-a-animosidade-pessoal-de-dino-em-relacao-a-bolsonaro-67e70f7e080e3\">Source link <\/a><\/p>","protected":false},"excerpt":{"rendered":"<p>Nesta quinta-feira (27), o ex-deputado federal Deltan Dallagnol (Podemos-PR) disse que o ministro do Supremo Tribunal Federal (STF), Fl\u00e1vio Dino, mostrou \u201canimosidade pessoal\u201d em rela\u00e7\u00e3o ao ex-presidente Jair Bolsonaro (PL).&hellip;<\/p>","protected":false},"author":1,"featured_media":114853,"comment_status":"closed","ping_status":"open","sticky":false,"template":"","format":"standard","meta":{"content-type":"","footnotes":""},"categories":[16],"tags":[123,2448,5313,1267],"class_list":["post-114852","post","type-post","status-publish","format-standard","has-post-thumbnail","hentry","category-noticias","tag-brasil","tag-diario","tag-noticia","tag-noticias"],"_links":{"self":[{"href":"https:\/\/tvbrazilusa.com\/pt\/wp-json\/wp\/v2\/posts\/114852","targetHints":{"allow":["GET"]}}],"collection":[{"href":"https:\/\/tvbrazilusa.com\/pt\/wp-json\/wp\/v2\/posts"}],"about":[{"href":"https:\/\/tvbrazilusa.com\/pt\/wp-json\/wp\/v2\/types\/post"}],"author":[{"embeddable":true,"href":"https:\/\/tvbrazilusa.com\/pt\/wp-json\/wp\/v2\/users\/1"}],"replies":[{"embeddable":true,"href":"https:\/\/tvbrazilusa.com\/pt\/wp-json\/wp\/v2\/comments?post=114852"}],"version-history":[{"count":1,"href":"https:\/\/tvbrazilusa.com\/pt\/wp-json\/wp\/v2\/posts\/114852\/revisions"}],"predecessor-version":[{"id":114854,"href":"https:\/\/tvbrazilusa.com\/pt\/wp-json\/wp\/v2\/posts\/114852\/revisions\/114854"}],"wp:featuredmedia":[{"embeddable":true,"href":"https:\/\/tvbrazilusa.com\/pt\/wp-json\/wp\/v2\/media\/114853"}],"wp:attachment":[{"href":"https:\/\/tvbrazilusa.com\/pt\/wp-json\/wp\/v2\/media?parent=114852"}],"wp:term":[{"taxonomy":"category","embeddable":true,"href":"https:\/\/tvbrazilusa.com\/pt\/wp-json\/wp\/v2\/categories?post=114852"},{"taxonomy":"post_tag","embeddable":true,"href":"https:\/\/tvbrazilusa.com\/pt\/wp-json\/wp\/v2\/tags?post=114852"}],"curies":[{"name":"wp","href":"https:\/\/api.w.org\/{rel}","templated":true}]}}