{"id":114855,"date":"2025-03-29T02:24:00","date_gmt":"2025-03-29T02:24:00","guid":{"rendered":"https:\/\/tvbrazilusa.com\/2025\/03\/29\/confira-as-condicoes-de-moraes-para-prisao-domiciliar-de-debora\/"},"modified":"2025-03-29T02:24:01","modified_gmt":"2025-03-29T02:24:01","slug":"confira-as-condicoes-de-moraes-para-prisao-domiciliar-de-debora","status":"publish","type":"post","link":"https:\/\/tvbrazilusa.com\/pt\/2025\/03\/29\/confira-as-condicoes-de-moraes-para-prisao-domiciliar-de-debora\/","title":{"rendered":"Confira as condi\u00e7\u00f5es de Moraes para pris\u00e3o domiciliar de Debora"},"content":{"rendered":"<p> <script async src=\"https:\/\/pagead2.googlesyndication.com\/pagead\/js\/adsbygoogle.js?client=ca-pub-8864793242727901\"\r\n     crossorigin=\"anonymous\"><\/script><br \/>\n<\/p>\n<div id=\"taboola-read-more\" style=\"display:block; width:100%\">\n<p>O ministro Alexandre de Moraes, do Supremo Tribunal Federal (STF), substituiu a pris\u00e3o preventiva da cabelereira Debora Rodrigues dos Santos, que pintou a est\u00e1tua do STF com a frase \u201cPerdeu, Man\u00e9\u201d, por pris\u00e3o domiciliar. A determina\u00e7\u00e3o ocorreu horas ap\u00f3s a manifesta\u00e7\u00e3o da Procuradoria-Geral da Rep\u00fablica (PGR) em favor da medida nesta sexta-feira, 28.\n<\/p>\n<p>Na decis\u00e3o, o ministro imp\u00f4s as seguintes medidas cautelares:<\/p>\n<ul>\n<li>Uso de tornozeleira eletr\u00f4nica;<\/li>\n<li>Proibi\u00e7\u00e3o da utiliza\u00e7\u00e3o de redes sociais;<\/li>\n<li>Probi\u00e7\u00e3o de comunicar-se com demais envolvidos, por qualquer meio;<\/li>\n<li>Proibi\u00e7\u00e3o de entrevistas a jornais, revistas, portais de not\u00edcias, sites, blogs, podcasts nacionais; ou internacionais, salvo autoriza\u00e7\u00e3o do<\/li>\n<li>STF;<\/li>\n<li>Proibi\u00e7\u00e3o de visitas de pessoas que n\u00e3o sejam os advogados, pais e irm\u00e3os, salvo autoriza\u00e7\u00e3o do STF;<\/li>\n<\/ul>\n<p>O ministro determinou ainda que o descumprimento acarretar\u00e1 na \u201cna revoga\u00e7\u00e3o e decreta\u00e7\u00e3o da pris\u00e3o, nos termos do art. 312, \u00a7 1\u00ba, do CPP; (b) Perda dos dias de pena a remir\u201d.\n<\/p>\n<p><strong>Pedido de vista<\/strong><br \/>Moraes pautou sua decis\u00e3o na suspens\u00e3o do julgamento de Debora, ap\u00f3s \u201cleg\u00edtimo pedido\u201d de vista do ministro Luiz Fux, na segunda-feira, 24, pois, segundo o ministro, a r\u00e9 \u201cn\u00e3o pode ser prejudicada por interrup\u00e7\u00e3o do julgamento\u201d.\n<\/p>\n<p>\u201cA r\u00e9, consequentemente, n\u00e3o pode ser prejudicada por eventual interrup\u00e7\u00e3o do julgamento, como bem salientado pela PROCURADORIA GERAL DA REP\u00daBLICA (\u2026). O adiamento do t\u00e9rmino do julgamento torna necess\u00e1ria a an\u00e1lise da atual situa\u00e7\u00e3o de priva\u00e7\u00e3o de liberdade de D\u00c9BORA RODRIGUES DOS SANTOS\u201c, escreve o ministro.\n<\/p>\n<p>Com o pedido de vista de Fux, o processo \u00e9 temporariamente foi suspenso para que o caso possa ser analisado com mais profundidade.\n<\/p>\n<p>\u201cEu vou fazer uma revis\u00e3o dessa dosimetria. Porque se a dosimetria \u00e9 inaugurada pelo legislador, a fixa\u00e7\u00e3o da pena \u00e9 do magistrado. E o magistrado o faz \u00e0 luz da sua sensibilidade, do seu sentimento em rela\u00e7\u00e3o a cada caso concreto. E o ministro Alexandre, com seu trabalho, ele explicitou a conduta de cada uma das pessoas. E eu confesso que, em determinadas ocasi\u00f5es, me deparo com uma pena exacerbada. E foi por essa raz\u00e3o que eu pedi vista, ministro Alexandre, dando uma satisfa\u00e7\u00e3o a vossa excel\u00eancia, desse caso\u201d, afirmou Fux na sess\u00e3o em que o STF tornou Jair Bolsonaro r\u00e9u por trama golpista.\n<\/p>\n<p><strong>Arrependimento<\/strong><br \/>Ainda segundo o ministro, Debora dos Santos demonstra \u201cboa conduta carcer\u00e1ria\u201d e arrependimento em seu depoimento judicial, \u201conde confessou sua presen\u00e7a no ilegal acampamento em frente ao QG do Ex\u00e9rcito em Bras\u00edlia (\u201cchegou no dia 07, no s\u00e1bado, ficou em um aglomerado de pessoas em frente ao QG\u201d) e da pr\u00e1tica de atos antidemocr\u00e1ticos, conforme se verifica nos autos\u201d.\n<\/p>\n<p>Em sua decis\u00e3o, Moraes transcreveu trecho do depoimento de Debora mostrando-se arrependida dos atos no 8 de janeiro.\n<\/p>\n<p>\u201cno calor do momento, cheguei a cometer aquele ato t\u00e3o desprez\u00edvel (pichar a est\u00e1tua). Posso assegurar que n\u00e3o foi nada premeditado, foi no calor do momento e sem raciocinar. (\u2026) Queria pedir perd\u00e3o ao Estado Democr\u00e1tico de Direito. (\u2026) Me fez refletir que o pa\u00eds depende de hierarquias que<br \/>precisam ser respeitadas. (\u2026) Me arrependo deste ato amargamente (\u2026) Eu entendi que o Estado Democr\u00e1tico de Direito foi ferido com meu ato e que eu jamais tive essa inten\u00e7\u00e3o\u201d, disse a cabelereira.\n<\/p>\n<p><strong>Condena\u00e7\u00e3o<\/strong><br \/>Os ministros Alexandre de Moraes e Fl\u00e1vio Dino j\u00e1 tinham votado pela condena\u00e7\u00e3o de D\u00e9bora a 14 anos de pris\u00e3o em regime inicial fechado.\n<\/p>\n<p>O voto de Fux seria o terceiro.\n<\/p>\n<p>De acordo com o regimento interno do STF, o ministro que pediu vista deve devolver o processo em at\u00e9 90 dias.\n<\/p>\n<p>Fonte: O Antagonista              <\/p>\n<\/div>\n<p><br \/>\n<br \/><a href=\"https:\/\/diariodobrasilnoticias.com.br\/noticia\/confira-as-condicoes-de-moraes-para-prisao-domiciliar-de-debora-67e722cf7997b\">Source link <\/a><\/p>","protected":false},"excerpt":{"rendered":"<p>O ministro Alexandre de Moraes, do Supremo Tribunal Federal (STF), substituiu a pris\u00e3o preventiva da cabelereira Debora Rodrigues dos Santos, que pintou a est\u00e1tua do STF com a frase \u201cPerdeu,&hellip;<\/p>","protected":false},"author":1,"featured_media":114856,"comment_status":"closed","ping_status":"open","sticky":false,"template":"","format":"standard","meta":{"content-type":"","footnotes":""},"categories":[16],"tags":[123,2448,5313,1267],"class_list":["post-114855","post","type-post","status-publish","format-standard","has-post-thumbnail","hentry","category-noticias","tag-brasil","tag-diario","tag-noticia","tag-noticias"],"_links":{"self":[{"href":"https:\/\/tvbrazilusa.com\/pt\/wp-json\/wp\/v2\/posts\/114855","targetHints":{"allow":["GET"]}}],"collection":[{"href":"https:\/\/tvbrazilusa.com\/pt\/wp-json\/wp\/v2\/posts"}],"about":[{"href":"https:\/\/tvbrazilusa.com\/pt\/wp-json\/wp\/v2\/types\/post"}],"author":[{"embeddable":true,"href":"https:\/\/tvbrazilusa.com\/pt\/wp-json\/wp\/v2\/users\/1"}],"replies":[{"embeddable":true,"href":"https:\/\/tvbrazilusa.com\/pt\/wp-json\/wp\/v2\/comments?post=114855"}],"version-history":[{"count":1,"href":"https:\/\/tvbrazilusa.com\/pt\/wp-json\/wp\/v2\/posts\/114855\/revisions"}],"predecessor-version":[{"id":114857,"href":"https:\/\/tvbrazilusa.com\/pt\/wp-json\/wp\/v2\/posts\/114855\/revisions\/114857"}],"wp:featuredmedia":[{"embeddable":true,"href":"https:\/\/tvbrazilusa.com\/pt\/wp-json\/wp\/v2\/media\/114856"}],"wp:attachment":[{"href":"https:\/\/tvbrazilusa.com\/pt\/wp-json\/wp\/v2\/media?parent=114855"}],"wp:term":[{"taxonomy":"category","embeddable":true,"href":"https:\/\/tvbrazilusa.com\/pt\/wp-json\/wp\/v2\/categories?post=114855"},{"taxonomy":"post_tag","embeddable":true,"href":"https:\/\/tvbrazilusa.com\/pt\/wp-json\/wp\/v2\/tags?post=114855"}],"curies":[{"name":"wp","href":"https:\/\/api.w.org\/{rel}","templated":true}]}}