{"id":114858,"date":"2025-03-29T02:31:18","date_gmt":"2025-03-29T02:31:18","guid":{"rendered":"https:\/\/tvbrazilusa.com\/2025\/03\/29\/malafaia-se-manifesta-contra-decisao-de-moraes-de-arquivar-acao-contra-bolsonaro\/"},"modified":"2025-03-29T02:31:19","modified_gmt":"2025-03-29T02:31:19","slug":"malafaia-se-manifesta-contra-decisao-de-moraes-de-arquivar-acao-contra-bolsonaro","status":"publish","type":"post","link":"https:\/\/tvbrazilusa.com\/pt\/2025\/03\/29\/malafaia-se-manifesta-contra-decisao-de-moraes-de-arquivar-acao-contra-bolsonaro\/","title":{"rendered":"Malafaia se manifesta contra decis\u00e3o de Moraes de arquivar a\u00e7\u00e3o contra Bolsonaro"},"content":{"rendered":"<p> <script async src=\"https:\/\/pagead2.googlesyndication.com\/pagead\/js\/adsbygoogle.js?client=ca-pub-8864793242727901\"\r\n     crossorigin=\"anonymous\"><\/script><br \/>\n<\/p>\n<div id=\"taboola-read-more\" style=\"display:block; width:100%\">\n<p>O pastor Silas Malafaia reagiu, nesta sexta-feira (28\/3), \u00e0 decis\u00e3o do ministro do STF Alexandre de Moraes de arquivar a investiga\u00e7\u00e3o contra Jair Bolsonaro no inqu\u00e9rito das vacinas.\n<\/p>\n<p>Apesar do arquivamento da a\u00e7\u00e3o contra o ex-presidente, de quem \u00e9 aliado, o l\u00edder religioso minimizou a decis\u00e3o de Moraes e definiu a a\u00e7\u00e3o contra o ex-presidente como uma \u201cvergonha\u201d.<\/p>\n<p><strong>\u201cEles querem passar para a sociedade a ideia: \u2018olha, est\u00e1 vendo, a gente \u00e9 justo, na vacina n\u00e3o tem nada. N\u00f3s arquivamos. Agora, no golpe, a\u00ed tem\u2019. \u00c9 a mensagem que eles querem passar. Como v\u00e3o condenar Bolsonaro por vacina? Isso \u00e9 uma vergonha! J\u00e1 \u00e9 uma vergonha a hist\u00f3ria do pseudo golpe, imagina a quest\u00e3o da vacina\u201d, disse Malafaia.<\/strong>\n<\/p>\n<p><strong>A decis\u00e3o de Moraes<\/strong><br \/>Em sua decis\u00e3o, Moraes segiu entendimento da Procuradoria-Geral da Rep\u00fablica (PGR), que havia solicitado, na quinta (28\/3), o arquivamento da investiga\u00e7\u00e3o contra Bolsonaro por falta de provas.\n<\/p>\n<p>Segundo a decis\u00e3o de Moraes, fica encerrada a investiga\u00e7\u00e3o que tinha como alvos Bolsonaro e o deputado federal Guttemberg Reis de Oliveira (MDB), indiciado junto com o ex-presidente no caso pela Pol\u00edcia Federal.\n<\/p>\n<p><strong>\u201cConforme aponta a PGR, a legisla\u00e7\u00e3o pro\u00edbe o recebimento de den\u00fancia que se fundamente somente nas declara\u00e7\u00f5es do colaborador, exigindo-se, consequentemente, que seu oferecimento esteja embasado em provas aut\u00f4nomas e independente, al\u00e9m de informa\u00e7\u00f5es surgidas a partir da colabora\u00e7\u00e3o devidamente ratificadas por outras provas\u201d, afirmou Moraes na decis\u00e3o.<\/strong>\n<\/p>\n<p>Fonte: Metr\u00f3poles              <\/p>\n<\/div>\n<p><br \/>\n<br \/><a href=\"https:\/\/diariodobrasilnoticias.com.br\/noticia\/malafaia-se-manifesta-contra-decisao-de-moraes-de-arquivar-acao-contra-bolsonaro-67e70edb71ef2\">Source link <\/a><\/p>","protected":false},"excerpt":{"rendered":"<p>O pastor Silas Malafaia reagiu, nesta sexta-feira (28\/3), \u00e0 decis\u00e3o do ministro do STF Alexandre de Moraes de arquivar a investiga\u00e7\u00e3o contra Jair Bolsonaro no inqu\u00e9rito das vacinas. Apesar do&hellip;<\/p>","protected":false},"author":1,"featured_media":114859,"comment_status":"closed","ping_status":"open","sticky":false,"template":"","format":"standard","meta":{"content-type":"","footnotes":""},"categories":[16],"tags":[123,2448,5313,1267],"class_list":["post-114858","post","type-post","status-publish","format-standard","has-post-thumbnail","hentry","category-noticias","tag-brasil","tag-diario","tag-noticia","tag-noticias"],"_links":{"self":[{"href":"https:\/\/tvbrazilusa.com\/pt\/wp-json\/wp\/v2\/posts\/114858","targetHints":{"allow":["GET"]}}],"collection":[{"href":"https:\/\/tvbrazilusa.com\/pt\/wp-json\/wp\/v2\/posts"}],"about":[{"href":"https:\/\/tvbrazilusa.com\/pt\/wp-json\/wp\/v2\/types\/post"}],"author":[{"embeddable":true,"href":"https:\/\/tvbrazilusa.com\/pt\/wp-json\/wp\/v2\/users\/1"}],"replies":[{"embeddable":true,"href":"https:\/\/tvbrazilusa.com\/pt\/wp-json\/wp\/v2\/comments?post=114858"}],"version-history":[{"count":1,"href":"https:\/\/tvbrazilusa.com\/pt\/wp-json\/wp\/v2\/posts\/114858\/revisions"}],"predecessor-version":[{"id":114860,"href":"https:\/\/tvbrazilusa.com\/pt\/wp-json\/wp\/v2\/posts\/114858\/revisions\/114860"}],"wp:featuredmedia":[{"embeddable":true,"href":"https:\/\/tvbrazilusa.com\/pt\/wp-json\/wp\/v2\/media\/114859"}],"wp:attachment":[{"href":"https:\/\/tvbrazilusa.com\/pt\/wp-json\/wp\/v2\/media?parent=114858"}],"wp:term":[{"taxonomy":"category","embeddable":true,"href":"https:\/\/tvbrazilusa.com\/pt\/wp-json\/wp\/v2\/categories?post=114858"},{"taxonomy":"post_tag","embeddable":true,"href":"https:\/\/tvbrazilusa.com\/pt\/wp-json\/wp\/v2\/tags?post=114858"}],"curies":[{"name":"wp","href":"https:\/\/api.w.org\/{rel}","templated":true}]}}